{"id":12768,"date":"2017-05-03T02:41:30","date_gmt":"2017-05-03T02:41:30","guid":{"rendered":"https:\/\/armstrongyregion.com.ar\/diario\/?p=12768"},"modified":"2017-05-03T02:41:30","modified_gmt":"2017-05-03T02:41:30","slug":"1o-de-mayo-en-la-legislatura-de-santa-fe","status":"publish","type":"post","link":"https:\/\/armstrongyregion.com.ar\/diario\/1o-de-mayo-en-la-legislatura-de-santa-fe\/","title":{"rendered":"1\u00ba de Mayo en la Legislatura de Santa Fe."},"content":{"rendered":"<div dir=\"ltr\">\n<p><a href=\"http:\/\/armstrongyregion.com.ar\/diario\/wp-content\/uploads\/2017\/05\/asamblea-legislativa.jpg8pg.jpg\"><img loading=\"lazy\" decoding=\"async\" class=\"alignnone size-medium wp-image-12769\" src=\"http:\/\/armstrongyregion.com.ar\/diario\/wp-content\/uploads\/2017\/05\/asamblea-legislativa.jpg8pg-300x200.jpg\" alt=\"asamblea legislativa.jpg8pg\" width=\"300\" height=\"200\" srcset=\"https:\/\/armstrongyregion.com.ar\/diario\/wp-content\/uploads\/2017\/05\/asamblea-legislativa.jpg8pg-300x200.jpg 300w, https:\/\/armstrongyregion.com.ar\/diario\/wp-content\/uploads\/2017\/05\/asamblea-legislativa.jpg8pg.jpg 768w\" sizes=\"auto, (max-width: 300px) 100vw, 300px\" \/><\/a>Se llev\u00f3 a cabo la Asamblea Legislativa N\u00ba 1 del Per\u00edodo 135 en el recinto de la C\u00e1mara de Diputados. La misma fue pres<span class=\"m_-4612122156732824297gmail-text_exposed_show\">idida por el Presidente de la C\u00e1mara de Senadores, C.P.N. Carlos A. Fascendini, y cont\u00f3 con la presencia del Gobernador de la Provincia, Ingeniero Miguel Lifschitz.<\/span><\/p>\n<div class=\"m_-4612122156732824297gmail-text_exposed_show\">\n<p><a href=\"http:\/\/armstrongyregion.com.ar\/diario\/wp-content\/uploads\/2017\/05\/asamblea-legislativa.jpg2_.jpg\"><img loading=\"lazy\" decoding=\"async\" class=\"alignnone size-medium wp-image-12770\" src=\"http:\/\/armstrongyregion.com.ar\/diario\/wp-content\/uploads\/2017\/05\/asamblea-legislativa.jpg2_-300x200.jpg\" alt=\"asamblea legislativa.jpg2\" width=\"300\" height=\"200\" srcset=\"https:\/\/armstrongyregion.com.ar\/diario\/wp-content\/uploads\/2017\/05\/asamblea-legislativa.jpg2_-300x200.jpg 300w, https:\/\/armstrongyregion.com.ar\/diario\/wp-content\/uploads\/2017\/05\/asamblea-legislativa.jpg2_.jpg 768w\" sizes=\"auto, (max-width: 300px) 100vw, 300px\" \/><\/a>En el marco de la Asamblea Legislativa que inaugur\u00f3 el Per\u00edodo Ordinario de ambas C\u00e1maras legislativas, y del D\u00eda Mundial del Trabajador que se conmemora el 1\u00ba de Mayo, el Ingeniero Miguel Lifschitz, emiti\u00f3 un mensaje que tuvo lugar en el recinto de la C\u00e1mara de Diputados, y que se transmiti\u00f3 simult\u00e1neamente en el recinto de la C\u00e1mara de Senadores y para toda la provincia.<\/p>\n<p>El Gobernador de Santa Fe salud\u00f3 en su d\u00eda a \u201dtodos los santafesinos y santafesinas que todos los d\u00edas se levantan a cumplir con su trabajo\u00bb. Adem\u00e1s se refiri\u00f3 a la situaci\u00f3n de SanCor diciendo que \u201cpara los santafesinos, SanCor no tiene precio\u201d.<\/p>\n<p>Una vez concluida la palabra del Gobernador, los legisladores prosiguieron de manera habitual con la Asamblea, que finaliz\u00f3 en horas del mediod\u00eda.asam<\/p>\n<\/div>\n<\/div>\n<p>&nbsp;<\/p>\n","protected":false},"excerpt":{"rendered":"<p>Se llev\u00f3 a cabo la Asamblea Legislativa N\u00ba 1 del Per\u00edodo 135 en el recinto de la C\u00e1mara de Diputados. La misma fue presidida por el Presidente de la C\u00e1mara de Senadores, C.P.N. Carlos A. Fascendini, y cont\u00f3 con la presencia del Gobernador de la Provincia, Ingeniero Miguel Lifschitz. En el marco de la Asamblea <a href=\"https:\/\/armstrongyregion.com.ar\/diario\/1o-de-mayo-en-la-legislatura-de-santa-fe\/\" title=\"Read more\" >&#8230;<\/a><\/p>\n","protected":false},"author":1,"featured_media":12769,"comment_status":"open","ping_status":"open","sticky":false,"template":"","format":"standard","meta":{"_jetpack_memberships_contains_paid_content":false,"footnotes":"","jetpack_publicize_message":"","jetpack_publicize_feature_enabled":true,"jetpack_social_post_already_shared":false,"jetpack_social_options":{"image_generator_settings":{"template":"highway","default_image_id":0,"enabled":false},"version":2}},"categories":[1,7,3],"tags":[5376,20,388,13],"class_list":["post-12768","post","type-post","status-publish","format-standard","has-post-thumbnail","hentry","category-diario-armstrong","category-politica","category-region","tag-1o-de-mayo-en-la-legislatura-de-santa-fe","tag-armstrong","tag-region-2","tag-y"],"jetpack_publicize_connections":[],"jetpack_featured_media_url":"https:\/\/armstrongyregion.com.ar\/diario\/wp-content\/uploads\/2017\/05\/asamblea-legislativa.jpg8pg.jpg","jetpack_shortlink":"https:\/\/wp.me\/p62QDO-3jW","jetpack_sharing_enabled":true,"amp_enabled":true,"_links":{"self":[{"href":"https:\/\/armstrongyregion.com.ar\/diario\/wp-json\/wp\/v2\/posts\/12768","targetHints":{"allow":["GET"]}}],"collection":[{"href":"https:\/\/armstrongyregion.com.ar\/diario\/wp-json\/wp\/v2\/posts"}],"about":[{"href":"https:\/\/armstrongyregion.com.ar\/diario\/wp-json\/wp\/v2\/types\/post"}],"author":[{"embeddable":true,"href":"https:\/\/armstrongyregion.com.ar\/diario\/wp-json\/wp\/v2\/users\/1"}],"replies":[{"embeddable":true,"href":"https:\/\/armstrongyregion.com.ar\/diario\/wp-json\/wp\/v2\/comments?post=12768"}],"version-history":[{"count":0,"href":"https:\/\/armstrongyregion.com.ar\/diario\/wp-json\/wp\/v2\/posts\/12768\/revisions"}],"wp:featuredmedia":[{"embeddable":true,"href":"https:\/\/armstrongyregion.com.ar\/diario\/wp-json\/wp\/v2\/media\/12769"}],"wp:attachment":[{"href":"https:\/\/armstrongyregion.com.ar\/diario\/wp-json\/wp\/v2\/media?parent=12768"}],"wp:term":[{"taxonomy":"category","embeddable":true,"href":"https:\/\/armstrongyregion.com.ar\/diario\/wp-json\/wp\/v2\/categories?post=12768"},{"taxonomy":"post_tag","embeddable":true,"href":"https:\/\/armstrongyregion.com.ar\/diario\/wp-json\/wp\/v2\/tags?post=12768"}],"curies":[{"name":"wp","href":"https:\/\/api.w.org\/{rel}","templated":true}]}}