{"id":12764,"date":"2017-05-02T13:43:32","date_gmt":"2017-05-02T13:43:32","guid":{"rendered":"https:\/\/armstrongyregion.com.ar\/diario\/?p=12764"},"modified":"2017-05-02T13:43:32","modified_gmt":"2017-05-02T13:43:32","slug":"armstrong-orden-del-dia-2-de-mayo","status":"publish","type":"post","link":"https:\/\/armstrongyregion.com.ar\/diario\/armstrong-orden-del-dia-2-de-mayo\/","title":{"rendered":"Armstrong. Orden del D\u00eda 2 de Mayo."},"content":{"rendered":"<p><a href=\"http:\/\/armstrongyregion.com.ar\/diario\/wp-content\/uploads\/2017\/05\/Armstrong-Concejo-.jpeg\"><img loading=\"lazy\" decoding=\"async\" class=\"alignnone size-medium wp-image-12765\" src=\"http:\/\/armstrongyregion.com.ar\/diario\/wp-content\/uploads\/2017\/05\/Armstrong-Concejo--300x168.jpeg\" alt=\"Armstrong-Concejo-\" width=\"300\" height=\"168\" srcset=\"https:\/\/armstrongyregion.com.ar\/diario\/wp-content\/uploads\/2017\/05\/Armstrong-Concejo--300x168.jpeg 300w, https:\/\/armstrongyregion.com.ar\/diario\/wp-content\/uploads\/2017\/05\/Armstrong-Concejo-.jpeg 960w\" sizes=\"auto, (max-width: 300px) 100vw, 300px\" \/><\/a>1-\u00a0 <u>ACTA\u00a0 SESI\u00d3N\u00a0 N\u00ba 929<\/u><\/p>\n<p>2-\u00a0 <u>MENSAJES DEL D.E.:<\/u><\/p>\n<p>A- EJECUCI\u00d3N DE INGRESOS Y EGRESOS DE LA ADMINISTRACI\u00d3N MUNICIPAL &#8211; PER\u00cdODO 2016.<\/p>\n<p>3-\u00a0 <u>CORRESPONDENCIA:<\/u>\u00a0A- ESCUELA T\u00c9CNICA N\u00ba 291: INVITACI\u00d3N ACTO 43\u00ba ANIVERSARIO DEL ESTABLECIMIENTO.<\/p>\n<p>4-\u00a0 <u>DICTAMENES DE COMISIONES:<\/u><\/p>\n<p>5-\u00a0 <u>PROYECTOS DE CONCEJALES:<\/u><\/p>\n<p>A- <u>BLOQUE DE FRENTE PROGRESISTA, C\u00cdVICO Y SOCIAL:<\/u><\/p>\n<p>&nbsp;<\/p>\n<p>1- MD.: ADHESION A LA PROCESION POR EL DIA DE LA VIRGEN DE LUJAN.<\/p>\n<p>2- MD.: DIA INTERNACIONAL DE ENFERMO CELIACO.<\/p>\n<p>&nbsp;<\/p>\n<p>B- <u>BLOQUE DE RENOVACI\u00d3N POR ARMSTRONG:<\/u><\/p>\n<p>&nbsp;<\/p>\n<p>3- MC.: LIMPIAR Y ACONDICIONAR EL LAGO DE LA PLAZA SAN MARTIN<\/p>\n<p>4- MC.: INCLUIR DATOS DE INTERES DEL CONCEJO MUNICIPAL EN LA PAGINA OFICIAL DE LA CIUDAD.<\/p>\n<p>&nbsp;<\/p>\n<p>C- <u>BLOQUE DE LA GRAN\u00a0 ARGENTINA \u2013 PARTIDO JUSTICIALISTA: <\/u><\/p>\n<p>&nbsp;<\/p>\n<p>5- MC.: PEDIDO PARA ACCIONES DIVERSAS EN EL BARRIO SUE\u00d1OS DEL SUR.<\/p>\n<p>6- MC.: CUNETAS DEL CAMINO 31S ENTRE CAMINOS 6 Y 7.<\/p>\n<p>7-.ORD.: CREACION DEL PROGRAMA \u201cMI FRENTE SIN HOJAS\u201d<\/p>\n<p>&nbsp;<\/p>\n<p>D- <u>BLOQUE DE FRENTE JUSTICIALISTA PARA LA VICTORIA:<\/u><\/p>\n<p>&nbsp;<\/p>\n<p>8- MD.:98\u00ba ANIVERSARIO DEL NACIMIENTO DE EVA DUARTE DE PERON<\/p>\n<p>&nbsp;<\/p>\n<p>E- <u>CONCEJO:<\/u><\/p>\n<p>&nbsp;<\/p>\n<p>9- MD.:\u00a0 35\u00ba ANIVERSARIO DE LA DESAPARICI\u00d3N DEL H\u00c9ROE NACIONAL, CLAUDIO GIARETTI.<\/p>\n<p>10- MD.:\u00a0 43\u00ba ANIVERSARIO DE LA CREACI\u00d3N DEL CUERPO ACTIVO DE BOMBEROS VOLUNTARIOS.<\/p>\n<p>&nbsp;<\/p>\n<p>&nbsp;<\/p>\n<p>INICIO A LAS 20:00 HORAS.-<\/p>\n<p>&nbsp;<\/p>\n<p>&nbsp;<\/p>\n","protected":false},"excerpt":{"rendered":"<p>1-\u00a0 ACTA\u00a0 SESI\u00d3N\u00a0 N\u00ba 929 2-\u00a0 MENSAJES DEL D.E.: A- EJECUCI\u00d3N DE INGRESOS Y EGRESOS DE LA ADMINISTRACI\u00d3N MUNICIPAL &#8211; PER\u00cdODO 2016. 3-\u00a0 CORRESPONDENCIA:\u00a0A- ESCUELA T\u00c9CNICA N\u00ba 291: INVITACI\u00d3N ACTO 43\u00ba ANIVERSARIO DEL ESTABLECIMIENTO. 4-\u00a0 DICTAMENES DE COMISIONES: 5-\u00a0 PROYECTOS DE CONCEJALES: A- BLOQUE DE FRENTE PROGRESISTA, C\u00cdVICO Y SOCIAL: &nbsp; 1- MD.: ADHESION A <a href=\"https:\/\/armstrongyregion.com.ar\/diario\/armstrong-orden-del-dia-2-de-mayo\/\" title=\"Read more\" >&#8230;<\/a><\/p>\n","protected":false},"author":1,"featured_media":12765,"comment_status":"open","ping_status":"open","sticky":false,"template":"","format":"standard","meta":{"_jetpack_memberships_contains_paid_content":false,"footnotes":"","jetpack_publicize_message":"","jetpack_publicize_feature_enabled":true,"jetpack_social_post_already_shared":false,"jetpack_social_options":{"image_generator_settings":{"template":"highway","default_image_id":0,"enabled":false},"version":2}},"categories":[8,1,2,7],"tags":[5375],"class_list":["post-12764","post","type-post","status-publish","format-standard","has-post-thumbnail","hentry","category-deliberando","category-diario-armstrong","category-locales","category-politica","tag-armstrong-orden-del-dia-2-de-mayo"],"jetpack_publicize_connections":[],"jetpack_featured_media_url":"https:\/\/armstrongyregion.com.ar\/diario\/wp-content\/uploads\/2017\/05\/Armstrong-Concejo-.jpeg","jetpack_shortlink":"https:\/\/wp.me\/p62QDO-3jS","jetpack_sharing_enabled":true,"amp_enabled":true,"_links":{"self":[{"href":"https:\/\/armstrongyregion.com.ar\/diario\/wp-json\/wp\/v2\/posts\/12764","targetHints":{"allow":["GET"]}}],"collection":[{"href":"https:\/\/armstrongyregion.com.ar\/diario\/wp-json\/wp\/v2\/posts"}],"about":[{"href":"https:\/\/armstrongyregion.com.ar\/diario\/wp-json\/wp\/v2\/types\/post"}],"author":[{"embeddable":true,"href":"https:\/\/armstrongyregion.com.ar\/diario\/wp-json\/wp\/v2\/users\/1"}],"replies":[{"embeddable":true,"href":"https:\/\/armstrongyregion.com.ar\/diario\/wp-json\/wp\/v2\/comments?post=12764"}],"version-history":[{"count":0,"href":"https:\/\/armstrongyregion.com.ar\/diario\/wp-json\/wp\/v2\/posts\/12764\/revisions"}],"wp:featuredmedia":[{"embeddable":true,"href":"https:\/\/armstrongyregion.com.ar\/diario\/wp-json\/wp\/v2\/media\/12765"}],"wp:attachment":[{"href":"https:\/\/armstrongyregion.com.ar\/diario\/wp-json\/wp\/v2\/media?parent=12764"}],"wp:term":[{"taxonomy":"category","embeddable":true,"href":"https:\/\/armstrongyregion.com.ar\/diario\/wp-json\/wp\/v2\/categories?post=12764"},{"taxonomy":"post_tag","embeddable":true,"href":"https:\/\/armstrongyregion.com.ar\/diario\/wp-json\/wp\/v2\/tags?post=12764"}],"curies":[{"name":"wp","href":"https:\/\/api.w.org\/{rel}","templated":true}]}}