{"id":12756,"date":"2017-05-02T12:55:18","date_gmt":"2017-05-02T12:55:18","guid":{"rendered":"https:\/\/armstrongyregion.com.ar\/diario\/?p=12756"},"modified":"2017-05-02T12:55:18","modified_gmt":"2017-05-02T12:55:18","slug":"deliberando-hoy-concejal-augusto-fischer-y-actualidad-parejense","status":"publish","type":"post","link":"https:\/\/armstrongyregion.com.ar\/diario\/deliberando-hoy-concejal-augusto-fischer-y-actualidad-parejense\/","title":{"rendered":"Deliberando: Hoy Concejal Augusto Fischer y Actualidad Parejense."},"content":{"rendered":"<p><a href=\"http:\/\/armstrongyregion.com.ar\/diario\/wp-content\/uploads\/2017\/05\/DSC_0480.jpg\"><img loading=\"lazy\" decoding=\"async\" class=\"alignnone size-medium wp-image-12757\" src=\"http:\/\/armstrongyregion.com.ar\/diario\/wp-content\/uploads\/2017\/05\/DSC_0480-300x200.jpg\" alt=\"Augusto-Fischer-\" width=\"300\" height=\"200\" srcset=\"https:\/\/armstrongyregion.com.ar\/diario\/wp-content\/uploads\/2017\/05\/DSC_0480-300x200.jpg 300w, https:\/\/armstrongyregion.com.ar\/diario\/wp-content\/uploads\/2017\/05\/DSC_0480-1024x683.jpg 1024w\" sizes=\"auto, (max-width: 300px) 100vw, 300px\" \/><\/a>En la noche de hoy compartiremos un bloque con el concejal Dr. Augusto Fischer quien nos informara sobre su labor legislativa en lo que va de este 2017. Tambi\u00e9n es voz populi que es el pre-candidato a intendente del justicialismo el cual pretender\u00eda llevar una lista \u00fanica de concejales.<\/p>\n<p><a href=\"http:\/\/armstrongyregion.com.ar\/diario\/wp-content\/uploads\/2017\/05\/DSC_0483.jpg\"><img loading=\"lazy\" decoding=\"async\" class=\"alignnone size-medium wp-image-12758\" src=\"http:\/\/armstrongyregion.com.ar\/diario\/wp-content\/uploads\/2017\/05\/DSC_0483-300x200.jpg\" alt=\"Horacio-Compagnucci-\" width=\"300\" height=\"200\" srcset=\"https:\/\/armstrongyregion.com.ar\/diario\/wp-content\/uploads\/2017\/05\/DSC_0483-300x200.jpg 300w, https:\/\/armstrongyregion.com.ar\/diario\/wp-content\/uploads\/2017\/05\/DSC_0483-1024x683.jpg 1024w\" sizes=\"auto, (max-width: 300px) 100vw, 300px\" \/><\/a>Luego compartiremos dos bloques con el intendente Horacio Compagnucci, quien nos contara sobre la actualidad parejense, obras, gestiones y avances, relaci\u00f3n con el legislativo en un a\u00f1o electoral y proyectos a concretar durante este 2017.<\/p>\n<p>Todo este martes en DELIBERANDO, con la conducci\u00f3n de la licenciada Graciela De la Casa- Ezequiel Piccoli y Oscar Crispino.<\/p>\n<p>Martes 21hs. CableImagenArmstrong-<\/p>\n","protected":false},"excerpt":{"rendered":"<p>En la noche de hoy compartiremos un bloque con el concejal Dr. Augusto Fischer quien nos informara sobre su labor legislativa en lo que va de este 2017. Tambi\u00e9n es voz populi que es el pre-candidato a intendente del justicialismo el cual pretender\u00eda llevar una lista \u00fanica de concejales. Luego compartiremos dos bloques con el <a href=\"https:\/\/armstrongyregion.com.ar\/diario\/deliberando-hoy-concejal-augusto-fischer-y-actualidad-parejense\/\" title=\"Read more\" >&#8230;<\/a><\/p>\n","protected":false},"author":1,"featured_media":12757,"comment_status":"open","ping_status":"open","sticky":false,"template":"","format":"standard","meta":{"_jetpack_memberships_contains_paid_content":false,"footnotes":"","jetpack_publicize_message":"","jetpack_publicize_feature_enabled":true,"jetpack_social_post_already_shared":false,"jetpack_social_options":{"image_generator_settings":{"template":"highway","default_image_id":0,"enabled":false},"version":2}},"categories":[8,1,2,7,3],"tags":[5373],"class_list":["post-12756","post","type-post","status-publish","format-standard","has-post-thumbnail","hentry","category-deliberando","category-diario-armstrong","category-locales","category-politica","category-region","tag-deliberando-hoy-concejal-augusto-fischer-y-actualidad-parejense"],"jetpack_publicize_connections":[],"jetpack_featured_media_url":"https:\/\/armstrongyregion.com.ar\/diario\/wp-content\/uploads\/2017\/05\/DSC_0480.jpg","jetpack_shortlink":"https:\/\/wp.me\/p62QDO-3jK","jetpack_sharing_enabled":true,"amp_enabled":true,"_links":{"self":[{"href":"https:\/\/armstrongyregion.com.ar\/diario\/wp-json\/wp\/v2\/posts\/12756","targetHints":{"allow":["GET"]}}],"collection":[{"href":"https:\/\/armstrongyregion.com.ar\/diario\/wp-json\/wp\/v2\/posts"}],"about":[{"href":"https:\/\/armstrongyregion.com.ar\/diario\/wp-json\/wp\/v2\/types\/post"}],"author":[{"embeddable":true,"href":"https:\/\/armstrongyregion.com.ar\/diario\/wp-json\/wp\/v2\/users\/1"}],"replies":[{"embeddable":true,"href":"https:\/\/armstrongyregion.com.ar\/diario\/wp-json\/wp\/v2\/comments?post=12756"}],"version-history":[{"count":0,"href":"https:\/\/armstrongyregion.com.ar\/diario\/wp-json\/wp\/v2\/posts\/12756\/revisions"}],"wp:featuredmedia":[{"embeddable":true,"href":"https:\/\/armstrongyregion.com.ar\/diario\/wp-json\/wp\/v2\/media\/12757"}],"wp:attachment":[{"href":"https:\/\/armstrongyregion.com.ar\/diario\/wp-json\/wp\/v2\/media?parent=12756"}],"wp:term":[{"taxonomy":"category","embeddable":true,"href":"https:\/\/armstrongyregion.com.ar\/diario\/wp-json\/wp\/v2\/categories?post=12756"},{"taxonomy":"post_tag","embeddable":true,"href":"https:\/\/armstrongyregion.com.ar\/diario\/wp-json\/wp\/v2\/tags?post=12756"}],"curies":[{"name":"wp","href":"https:\/\/api.w.org\/{rel}","templated":true}]}}