{"id":12743,"date":"2017-05-01T01:01:59","date_gmt":"2017-05-01T01:01:59","guid":{"rendered":"https:\/\/armstrongyregion.com.ar\/diario\/?p=12743"},"modified":"2017-05-01T01:01:59","modified_gmt":"2017-05-01T01:01:59","slug":"los-tratamientos-de-belleza-ideales-para-hacer-en-otonoinvierno-por-dra-rocio-vidal","status":"publish","type":"post","link":"https:\/\/armstrongyregion.com.ar\/diario\/los-tratamientos-de-belleza-ideales-para-hacer-en-otonoinvierno-por-dra-rocio-vidal\/","title":{"rendered":"Los tratamientos de belleza ideales para hacer en oto\u00f1o\/invierno. Por Dra Roc\u00edo Vidal."},"content":{"rendered":"<p><a href=\"http:\/\/armstrongyregion.com.ar\/diario\/wp-content\/uploads\/2017\/05\/DSC_0455.jpg\"><img loading=\"lazy\" decoding=\"async\" class=\"alignnone size-medium wp-image-12744\" src=\"http:\/\/armstrongyregion.com.ar\/diario\/wp-content\/uploads\/2017\/05\/DSC_0455-300x200.jpg\" alt=\"Dra. Roc\u00edo Vidal\" width=\"300\" height=\"200\" srcset=\"https:\/\/armstrongyregion.com.ar\/diario\/wp-content\/uploads\/2017\/05\/DSC_0455-300x200.jpg 300w, https:\/\/armstrongyregion.com.ar\/diario\/wp-content\/uploads\/2017\/05\/DSC_0455-1024x683.jpg 1024w\" sizes=\"auto, (max-width: 300px) 100vw, 300px\" \/><\/a>El oto\u00f1o e invierno son la \u00e9poca ideal del a\u00f1o para renovar la piel y sacarnos las manchitas del sol que nos dej\u00f3 el verano y otras imperfecciones y lucir un rostro firme y joven. En esta \u00e9poca del a\u00f1o los rayos ultravioletas son menos da\u00f1inos que en el verano y los profesionales podemos trabajar con la seguridad de que con los cuidados correctos la piel no se manchar\u00e1 a\u00fan m\u00e1s.<\/p>\n<p>Las manchas del sol o de la edad (manchitas marrones, p\u00e9rdida del tono y peque\u00f1as arrugas) que aparecen con el tiempo en la superficie de la piel, est\u00e1n provocadas por una acumulaci\u00f3n puntual de melanina.<\/p>\n<p>Los peelings permiten exfoliar capas de la piel seg\u00fan la necesidad de cada paciente. Algunos solo requieren exfoliar las capas m\u00e1s superficiales y otros utilizar \u00e1cidos espec\u00edficos (y hasta m\u00e1s profundos) para tratar problem\u00e1ticas como acn\u00e9, manchas, cicatrices o arruguitas.<\/p>\n<p>A la hora del rejuvenecimiento facial el Botox y el \u00e1cido hialur\u00f3nico encabezan el ranking en los tratamientos mas usados como as\u00ed el plasma rico en plaquetas.<\/p>\n<p>Fuente Programa Televisivo: \u201cPrevenci\u00f3n y Salud\u201d.<\/p>\n<p>Por Dra. Roc\u00edo Vidal.<\/p>\n<p>Programa Tv. Prevenci\u00f3n y Salud. Lunes\u00a0 1\u00b0 de Mayo 13,30hs.<\/p>\n<p>Reiteraci\u00f3n: Jueves 20hs y s\u00e1bado 12,00hs<\/p>\n","protected":false},"excerpt":{"rendered":"<p>El oto\u00f1o e invierno son la \u00e9poca ideal del a\u00f1o para renovar la piel y sacarnos las manchitas del sol que nos dej\u00f3 el verano y otras imperfecciones y lucir un rostro firme y joven. En esta \u00e9poca del a\u00f1o los rayos ultravioletas son menos da\u00f1inos que en el verano y los profesionales podemos trabajar <a href=\"https:\/\/armstrongyregion.com.ar\/diario\/los-tratamientos-de-belleza-ideales-para-hacer-en-otonoinvierno-por-dra-rocio-vidal\/\" title=\"Read more\" >&#8230;<\/a><\/p>\n","protected":false},"author":1,"featured_media":12744,"comment_status":"open","ping_status":"open","sticky":false,"template":"","format":"standard","meta":{"_jetpack_memberships_contains_paid_content":false,"footnotes":"","jetpack_publicize_message":"","jetpack_publicize_feature_enabled":true,"jetpack_social_post_already_shared":false,"jetpack_social_options":{"image_generator_settings":{"template":"highway","default_image_id":0,"enabled":false},"version":2}},"categories":[1,2,4,3],"tags":[5369],"class_list":["post-12743","post","type-post","status-publish","format-standard","has-post-thumbnail","hentry","category-diario-armstrong","category-locales","category-prevencion-salud","category-region","tag-los-tratamientos-de-belleza-ideales-para-hacer-en-otonoinvierno-por-dra-rocio-vidal"],"jetpack_publicize_connections":[],"jetpack_featured_media_url":"https:\/\/armstrongyregion.com.ar\/diario\/wp-content\/uploads\/2017\/05\/DSC_0455.jpg","jetpack_shortlink":"https:\/\/wp.me\/p62QDO-3jx","jetpack_sharing_enabled":true,"amp_enabled":true,"_links":{"self":[{"href":"https:\/\/armstrongyregion.com.ar\/diario\/wp-json\/wp\/v2\/posts\/12743","targetHints":{"allow":["GET"]}}],"collection":[{"href":"https:\/\/armstrongyregion.com.ar\/diario\/wp-json\/wp\/v2\/posts"}],"about":[{"href":"https:\/\/armstrongyregion.com.ar\/diario\/wp-json\/wp\/v2\/types\/post"}],"author":[{"embeddable":true,"href":"https:\/\/armstrongyregion.com.ar\/diario\/wp-json\/wp\/v2\/users\/1"}],"replies":[{"embeddable":true,"href":"https:\/\/armstrongyregion.com.ar\/diario\/wp-json\/wp\/v2\/comments?post=12743"}],"version-history":[{"count":0,"href":"https:\/\/armstrongyregion.com.ar\/diario\/wp-json\/wp\/v2\/posts\/12743\/revisions"}],"wp:featuredmedia":[{"embeddable":true,"href":"https:\/\/armstrongyregion.com.ar\/diario\/wp-json\/wp\/v2\/media\/12744"}],"wp:attachment":[{"href":"https:\/\/armstrongyregion.com.ar\/diario\/wp-json\/wp\/v2\/media?parent=12743"}],"wp:term":[{"taxonomy":"category","embeddable":true,"href":"https:\/\/armstrongyregion.com.ar\/diario\/wp-json\/wp\/v2\/categories?post=12743"},{"taxonomy":"post_tag","embeddable":true,"href":"https:\/\/armstrongyregion.com.ar\/diario\/wp-json\/wp\/v2\/tags?post=12743"}],"curies":[{"name":"wp","href":"https:\/\/api.w.org\/{rel}","templated":true}]}}