{"id":12740,"date":"2017-05-01T00:33:52","date_gmt":"2017-05-01T00:33:52","guid":{"rendered":"https:\/\/armstrongyregion.com.ar\/diario\/?p=12740"},"modified":"2017-05-01T00:33:52","modified_gmt":"2017-05-01T00:33:52","slug":"por-primera-vez-estoy-parada-sobre-mis-propios-pies","status":"publish","type":"post","link":"https:\/\/armstrongyregion.com.ar\/diario\/por-primera-vez-estoy-parada-sobre-mis-propios-pies\/","title":{"rendered":"\u00abPor primera vez estoy parada sobre mis propios pies\u00bb."},"content":{"rendered":"<p><a href=\"http:\/\/armstrongyregion.com.ar\/diario\/wp-content\/uploads\/2017\/05\/Gabriela-Uriburu.jpg\"><img loading=\"lazy\" decoding=\"async\" class=\"alignnone size-medium wp-image-12741\" src=\"http:\/\/armstrongyregion.com.ar\/diario\/wp-content\/uploads\/2017\/05\/Gabriela-Uriburu-300x213.jpg\" alt=\"Gabriela-Uriburu\" width=\"300\" height=\"213\" srcset=\"https:\/\/armstrongyregion.com.ar\/diario\/wp-content\/uploads\/2017\/05\/Gabriela-Uriburu-300x213.jpg 300w, https:\/\/armstrongyregion.com.ar\/diario\/wp-content\/uploads\/2017\/05\/Gabriela-Uriburu.jpg 768w\" sizes=\"auto, (max-width: 300px) 100vw, 300px\" \/><\/a>Convirti\u00f3 una experiencia dolorosa en un camino de sanaci\u00f3n interior y crecimiento personal. Gabriela Arias Uriburu habla en su \u00faltimo libro, Al encuentro del coraz\u00f3n, sobre los recursos que la sostuvieron hasta hoy, y sobre c\u00f3mo los v\u00ednculos afectivos pueden hundirnos o elevarnos.<\/p>\n<p>Hay una escena que Gabriela Arias Uriburu \u2014la mujer a la que el ex marido le llev\u00f3 sus tres hijos\u2014 relata en todos sus libros. \u00abEn diciembre de 1998 tuve el primer encuentro con mis hijos en Jordania, luego de estar un a\u00f1o sin verlos. Me llevaron en un autom\u00f3vil hasta una casa alejada en la ciudad, ingres\u00e9 en ella y hab\u00eda muchos hombres que parec\u00edan formar una barrera; no sab\u00eda que m\u00e1s all\u00e1 de ellos estaban mis hijos. Guiada por un impulso me arrodill\u00e9 y ese murall\u00f3n de hombres fue corri\u00e9ndose hacia los costados. Al primero que vi fue a Sharif. Lo vi, lo mir\u00e9 intensamente y con la mirada entr\u00e9 hasta su alma como \u00e9l entr\u00f3 en la m\u00eda. De inmediato corri\u00f3 a mi encuentro gritando: \u00abMam\u00e1, Mam\u00e1\u00bb. Lo primero que hice fue verlo, luego mirarlo, y profundizar con el coraz\u00f3n, sin emitir una sola palabra. Fue el amor el que logr\u00f3 algo muy grande y poderoso. Su mirar, y mi mirar nos llevaron directamente al alma, a los v\u00ednculos\u00bb.<\/p>\n<p>En su \u00faltimo trabajo escrito, Al encuentro del coraz\u00f3n, Gabriela completa aquel texto diciendo: \u00abInvito a todos a observar al otro, a mirarlo, y descubrir\u00e1n que est\u00e1n viendo una inmensidad\u00bb. En este libro, justamente, ahonda en la intensidad de los afectos y analiza los \u00abciclos vitales de los v\u00ednculos\u00bb.<\/p>\n<p>La semana pasada habl\u00f3 con <b>M\u00e1s<\/b>. En esa charla, como en cada uno de los encuentros que la tienen como protagonista, se refiri\u00f3 al valor de las relaciones humanas.<\/p>\n<p>Autorizada desde la vivencia personal por c\u00f3mo logr\u00f3 sobrellevar el inmenso dolor de no compartir la vida cotidiana con sus hijos \u2014con los que nunca m\u00e1s volvi\u00f3 a estar diariamente bajo el mismo techo\u2014 \u00abutiliz\u00f3\u00bb esa experiencia para demostrarse, y demostrar que \u00ablos amores\u00bb no se construyen de una sola manera, y que en general \u00abequivocamos\u00bb los caminos para llegar a los encuentros verdaderos.<\/p>\n<p><b>\u2014 Es imposible no pensar en la intensidad de lo que te sucedi\u00f3 en la vida en relaci\u00f3n a tu ex pareja, a tus hijos&#8230;<\/b><\/p>\n<p>\u2014La intensidad es algo muy interesante a tomar, pero teniendo en cuenta que a la acci\u00f3n no hay que ponerla tanto en los otros como en nosotros. Siempre estamos esperando algo, buscando algo, echando culpas. \u00abLo que me pasa me pasa por algo que sucede m\u00e1s afuera que adentro\u00bb. Y sobre eso me interesa que reflexionemos. Todo el desarrollo de la historia de mis hijos me permiti\u00f3 pensar en esto. Por ejemplo, nunca deposit\u00e9 en un juez la autoridad de poder o no ver a mis hijos. Para entrar a Jordania busqu\u00e9 al Estado, a los que verdaderamente pod\u00edan ayudarme. Me puse en acci\u00f3n, en conjunto con otros, pero siempre desde un accionar propio.<\/p>\n<p><b>\u2014Sin dudas hubo mucho movimiento personal en aquellos a\u00f1os. Y te segu\u00eds movilizando porque escrib\u00eds, das conferencias, dict\u00e1s clases de yoga, hac\u00e9s un gran trabajo como presidenta de Found Child (una organizaci\u00f3n que se ocupa en el mundo de visibilizar a los ni\u00f1os con problem\u00e1ticas familiares), y sin embargo se te ve siempre muy serena. \u00bfC\u00f3mo se lleva la acci\u00f3n con el \u00abestar en eje\u00bb?<\/b><\/p>\n<p>\u2014 Ufff, es cierto&#8230; B\u00e1sicamente recurro a herramientas. Muchas con las que me he encontrado en los \u00faltimos a\u00f1os de mi vida. Uno de los recursos a los que apelo es a la respiraci\u00f3n. Justamente ahora me estuve entrenando con una maestro de la India. El nos dec\u00eda que una respiraci\u00f3n profunda y aquietada logra que la mente se enfoque entre el espacio que existe entre una cosa y la otra, y que en ese espacio residen la felicidad y la paz.<\/p>\n<p>&nbsp;<\/p>\n<p><b>\u2014Esas herramientas \u2014muchas aparecen mencionadas en el libro\u2014 \u00bffueron llegando a vos o las buscaste?<\/b><\/p>\n<p>\u2014 La primera en acercarme a ellas fue mi hermana Marcela, que empez\u00f3 a recurrir a un m\u00e9dico de la India. En ese tiempo yo no dorm\u00eda de noche, y no quer\u00eda medicaci\u00f3n. Pensaba que si no dorm\u00eda de alg\u00fan modo me evitaba la distancia con mis hijos. Y era en la distancia, qu\u00e9 paradoja, donde yo deb\u00eda volver a encontrarme. As\u00ed empec\u00e9 a transitar por la medicina no occidental, por la hol\u00edstica y fueron llegando a mi vida personas maravillosas. Dentro de la furia, el dolor, la enajenaci\u00f3n y la oscuridad me encontr\u00e9 con estas herramientas y descubr\u00ed que iba en camino de mi propio equilibrio, mi propia vitalidad. El a\u00f1o pasado comenc\u00e9 a trabajar con los sonidos de los cuencos. Fue un a\u00f1o clave desde la muerte de mi padre (N de R: una persona sumamente importante para Gabriela y que fue central en la posibilidad del reencuentro con sus hijos). L\u00f3gicamente todo mi ser estaba en un profundo movimiento. Pero si lo pienso, a m\u00ed la vida nunca me detuvo, la vida me pidi\u00f3 siempre m\u00e1s y m\u00e1s. Es que la historia que me invoc\u00f3 hizo que me cayera una espada de Damocles que me oblig\u00f3 a hacer una labor personal para no morir. A desarrollar un camino, un trabajo continuo incluso por la responsabilidad que la historia de mis hijos proyecta en otros&#8230;<\/p>\n<p>&nbsp;<\/p>\n<p><b>\u2014\u00bfDescans\u00e1s ahora?<\/b><\/p>\n<p>\u2014Duermo, si&#8230; Pero siempre estoy en labor. Soy la misma por fuera y por dentro. Los movimientos que hago y que son visibles son los que se est\u00e1n dando en mi interior.<\/p>\n<p>&nbsp;<\/p>\n<p><b>\u2014Fuiste atravesando con tus hijos las distintas etapas de su vida, a\u00fan en la distancia. Ahora son todos j\u00f3venes. Pero te toca, en este momento, un contexto muy especial para ser madre de musulmanes&#8230;<\/b><\/p>\n<p>\u2014Claro, antes era otra la resonancia. Yo les digo a ellos que son j\u00f3venes multiculturales, y que son ellos los que nos tienen que ense\u00f1ar qu\u00e9 significa eso en un mundo que se est\u00e1 relacionando de otras maneras y donde est\u00e1 esa mixtura de tramas. Creo que todos los j\u00f3venes son ciudadanos del mundo, que ya conforman todas las culturas. Eso nos lleva conformar una unidad, dentro de las diferencias&#8230;<\/p>\n<p><b>\u2014Pero la grieta mundial es a la vez mayor&#8230;<\/b><\/p>\n<p>\u2014La grieta, claro. Ah\u00ed es necesario unir los caminos. A los ni\u00f1os los re\u00fane la infancia, y por eso mi compromiso&#8230;<\/p>\n<p><b>\u2014Volviendo a todo lo que experiment\u00e1s para sentirte mejor, para crecer interiormente&#8230; \u00bfnunca hiciste terapia, psicoan\u00e1lisis?<\/b><\/p>\n<p>\u2014 Hice terapia que no fue psicoanal\u00edtica. Y con el perd\u00f3n de los profesionales yo no podr\u00eda haber llegado nunca adonde llegu\u00e9 acudiendo a ese recurso. Creo que cansada de la cabeza descubr\u00ed que necesitaba un trabajo m\u00e1s \u00abdel sentir\u00bb&#8230; Todo lo que me sucedi\u00f3 me orden\u00f3 sentir, me llev\u00f3 a profundidades, a desatar cosas muy de adentro. Las herramientas con las que me qued\u00e9 (prob\u00e9 muchas)me ayudaron, y me ayudan en eso de sentir. El yoga tambi\u00e9n, porque lleva a las cuevas particulares, ah\u00ed donde todo est\u00e1 prendido fuego&#8230; a lo que se siente en el cuerpo, en las rodillas, porque vamos caminando por la vida con lo que no se dijo, lo que no se reflexion\u00f3&#8230; todo pesa en el cuerpo y hasta desencadena enfermedades. Ojo que yo no digo lo que hay que hacer; s\u00f3lo comparto mi experiencia personal y le recuerdo a la gente que se puede, que est\u00e1s preparado para ir en busca de tu poder, de tu fuerza, de tus habilidades y tus talentos, y que en las profundidades encontr\u00e1s &#8230;<\/p>\n<p><b>\u2014Pero no es f\u00e1cil el camino del autoconocimiento&#8230;<\/b><\/p>\n<p>\u2014Si es f\u00e1cil. Es simple. Lo que pasa es que la mente siempre te va a \u00abtirar\u00bb cualquier cosa. \u00a1Y el ego! Una caracter\u00edstica de la personalidad que siempre va a intentar separar&#8230; por eso uno tiene que conocer su din\u00e1mica, y para eso hay que entrenar el cuerpo y la mente. Si lo logr\u00e1s, la vida se convierte en magia. La vida es magia.<\/p>\n<p>&nbsp;<\/p>\n<p><b>\u2014\u00bfEst\u00e1 en vos naturalmente esto de transmitir a otros tus experiencias? \u00bfO sent\u00eds que te toca hacerlo por lo particular de lo vivido?<\/b><\/p>\n<p>\u2014 Mir\u00e1, cuando era adolescente trabajaba en las villas, iba a los hospitales como colaboradora. Estar cerca de los otros no me era ajeno, yo siempre ten\u00eda una necesidad muy grande de encontrarme ayudando al otro. Y se me abre con la historia de mis hijos&#8230; A los 17 a\u00f1os mi sue\u00f1o era trabajar con los Wichis. Y de hecho, ahora voy a El Impenetrable. De alg\u00fan modo volv\u00e9s.<\/p>\n<p>&nbsp;<\/p>\n<p><b>\u2014Pasaron casi 20 a\u00f1os del d\u00eda en el que tu ex marido se llev\u00f3 a los chicos a Jordania sin tu permiso&#8230; \u00bfqu\u00e9 ves cuando mir\u00e1s hacia atr\u00e1s, cuando te mir\u00e1s?<\/b><\/p>\n<p>\u2014 Fui domando muchas cosas, pero cada d\u00eda estoy m\u00e1s entera. M\u00e1s madura&#8230;<\/p>\n<p><b>\u2014\u00bfY al miedo tambi\u00e9n lo domaste?<\/b><\/p>\n<p>\u2014 El miedo es una energ\u00eda muy interesante, la que te permite el movimiento. No hay que sacarse los miedos sino tomarlos. En momentos en los que he tenido que tomar mucha fuerza lo hice desde ese origen, desde el \u00abvoy a poder frente a estos miedos\u00bb. Y esa sensaci\u00f3n disipa el temor. El miedo es poder, es posibilidad. Con respecto a los chicos tengo preocupaciones, como toda madre, pero no es miedo lo que siento, son preocupaciones que no implican sufrimiento.<\/p>\n<p>&nbsp;<\/p>\n<p><b>\u2014Sol\u00e9s decir que en el viaje de la vida hay que ir con poco equipaje&#8230;<\/b><\/p>\n<p>\u2014 Para caminar la vida hay que ir con poco, si. Ese equipaje adem\u00e1s va cambiando seg\u00fan los ciclos que vamos viviendo. Yo digo que lleves lo fundamental, no hay m\u00e1s lugar &#8230; si es que quer\u00e9s avanzar.<\/p>\n<p>&nbsp;<\/p>\n<p><b>\u2014En este \u00faltimo libro habl\u00e1s mucho sobre el amor y las relaciones de pareja&#8230;<\/b><\/p>\n<p>\u2014 Empez\u00f3 a escribirse hace dos a\u00f1os cuando hice el taller de Mujeres que corren con los lobos, y le\u00ed el cuento de la Mujer esqueleto, texto que recomiendo por la simbolog\u00eda tan clara que hace de la pareja. Eso me hizo bucear mucho en qu\u00e9 me trae el encuentro con el otro, plantearme qu\u00e9 es el amor. Me parece que la pareja trae como excusa el encuentro con uno mismo, con lo no resuelto, aspectos que uno tiene muy tapados. De alg\u00fan modo, para llegar al amor hay que poder abrazar a la muerte. Porque en ese desnudarse frente al otro, con el otro, est\u00e1 lo bello y lo mal\u00e9fico que tenemos todos los seres humanos. La pareja va muriendo muchas veces, se muere el enamoramiento, se caen las ilusiones, pero es entonces cuando me encuentro con el otro en una profundidad mucho m\u00e1s grande&#8230; De esos ciclos hablo en este libro.<\/p>\n<p><b>\u2014\u00bfC\u00f3mo est\u00e1 hoy tu coraz\u00f3n?<\/b><\/p>\n<p>\u2014Bien, estoy muy bien. Pero para poner a todos en el coraz\u00f3n se necesita transitar mucho. Hoy entiendo como nunca que muchas cosas que depositaba en otros dependen de m\u00ed. Todo depende de mi propio v\u00ednculo con la vida. Y la vida me dio otra oportunidad, que he tomado. Por primera vez siento que estoy parada sobre mis propios pies.<\/p>\n<p><span id=\"saysCMSEmphasislw7x7armgfg\" class=\"saysCMSEmphasis\">El amor es m\u00e1s fuerte <\/span><\/p>\n<div id=\"1671151-Libre-733391532_wrap\" class=\"embed_cont type_imagen no-epigrafe no-copyright\">\n<div id=\"1671151-Libre-733391532_content\" class=\"embed_content\"><img decoding=\"async\" id=\"1671151-Libre-733391532_embed\" src=\"http:\/\/www.lacapital.com.ar\/\/adjuntos\/203\/imagenes\/020\/281\/0020281892.jpg?0000-00-00-00-00-00\" alt=\"\" \/><\/div>\n<\/div>\n<p>En la foto se ve a una familia en un momento feliz. No miente. Fue el a\u00f1o pasado, en Suiza, durante la graduaci\u00f3n de Karim (24), el hijo mayor de Gabriela Arias Uriburu. Tambi\u00e9n estuvieron Zahira (22) y Sharif (19), y su ex marido. \u00abJam\u00e1s interpuse mi dolor. Nunca me fui de ellos\u00bb, dice. \u00abSoy su madre, es simple. Para ellos estoy al d\u00eda&#8230; \u00bfVivir juntos? No, ya no es tiempo para que vivan con los padres\u00bb, reflexiona Gabriela.<\/p>\n<div><span id=\"saysCMSEmphasistxrew0z01cb\" class=\"saysCMSEmphasis\">Figura mundial <\/span><b><br \/>\n<\/b><\/p>\n<div>\n<div>\n<div id=\"1672895-Libre-39820145_wrap\" class=\"embed_cont type_imagen no-epigrafe no-copyright\">\n<div id=\"1672895-Libre-39820145_content\" class=\"embed_content\"><img decoding=\"async\" id=\"1672895-Libre-39820145_embed\" src=\"http:\/\/www.lacapital.com.ar\/\/adjuntos\/203\/imagenes\/020\/302\/0020302469.jpg?0000-00-00-00-00-00\" alt=\"\" \/><\/div>\n<\/div>\n<\/div>\n<div>Gabriela Arias Uriburu se hizo conocida en todo el mundo en el \u00e1rea de los Derechos Humanos. La lucha por sus hijos, llevados ilegalmente por su ex marido a Jordania, la convirti\u00f3 en una referente en la defensa de la ni\u00f1ez y la adolescencia. Es fundadora y presidenta de Found Child; escritora, conferencista internacional, profesora de yoga, creadora de talleres de sanaci\u00f3n. \u00abCuando se refieren a mi persona recuerden: no lo que padec\u00ed sino lo que logr\u00e9\u00bb, suele mencionar.<\/div>\n<div>\n<div class=\"author-avatar \"><img decoding=\"async\" title=\"Florencia O\u2019Keeffe \/ La Capital\" src=\"http:\/\/static.lacapital.com.ar\/adjuntos\/203\/autores\/007\/756\/0007756277.jpg\" alt=\"Florencia O\u2019Keeffe \/ La Capital\" \/><\/div>\n<div class=\"author-data\">\n<div class=\"author-title\">por <a href=\"http:\/\/www.lacapital.com.ar\/florencia-okeeffe-la-capital-p268.html\">Florencia O\u2019Keeffe \/ La Capita<\/a>l<\/div>\n<\/div>\n<\/div>\n<\/div>\n<\/div>\n","protected":false},"excerpt":{"rendered":"<p>Convirti\u00f3 una experiencia dolorosa en un camino de sanaci\u00f3n interior y crecimiento personal. Gabriela Arias Uriburu habla en su \u00faltimo libro, Al encuentro del coraz\u00f3n, sobre los recursos que la sostuvieron hasta hoy, y sobre c\u00f3mo los v\u00ednculos afectivos pueden hundirnos o elevarnos. Hay una escena que Gabriela Arias Uriburu \u2014la mujer a la que <a href=\"https:\/\/armstrongyregion.com.ar\/diario\/por-primera-vez-estoy-parada-sobre-mis-propios-pies\/\" title=\"Read more\" >&#8230;<\/a><\/p>\n","protected":false},"author":1,"featured_media":12741,"comment_status":"open","ping_status":"open","sticky":false,"template":"","format":"standard","meta":{"_jetpack_memberships_contains_paid_content":false,"footnotes":"","jetpack_publicize_message":"","jetpack_publicize_feature_enabled":true,"jetpack_social_post_already_shared":false,"jetpack_social_options":{"image_generator_settings":{"template":"highway","default_image_id":0,"enabled":false},"version":2}},"categories":[6,1,4],"tags":[5368],"class_list":["post-12740","post","type-post","status-publish","format-standard","has-post-thumbnail","hentry","category-cultura-entretenimiento","category-diario-armstrong","category-prevencion-salud","tag-por-primera-vez-estoy-parada-sobre-mis-propios-pies"],"jetpack_publicize_connections":[],"jetpack_featured_media_url":"https:\/\/armstrongyregion.com.ar\/diario\/wp-content\/uploads\/2017\/05\/Gabriela-Uriburu.jpg","jetpack_shortlink":"https:\/\/wp.me\/p62QDO-3ju","jetpack_sharing_enabled":true,"amp_enabled":true,"_links":{"self":[{"href":"https:\/\/armstrongyregion.com.ar\/diario\/wp-json\/wp\/v2\/posts\/12740","targetHints":{"allow":["GET"]}}],"collection":[{"href":"https:\/\/armstrongyregion.com.ar\/diario\/wp-json\/wp\/v2\/posts"}],"about":[{"href":"https:\/\/armstrongyregion.com.ar\/diario\/wp-json\/wp\/v2\/types\/post"}],"author":[{"embeddable":true,"href":"https:\/\/armstrongyregion.com.ar\/diario\/wp-json\/wp\/v2\/users\/1"}],"replies":[{"embeddable":true,"href":"https:\/\/armstrongyregion.com.ar\/diario\/wp-json\/wp\/v2\/comments?post=12740"}],"version-history":[{"count":0,"href":"https:\/\/armstrongyregion.com.ar\/diario\/wp-json\/wp\/v2\/posts\/12740\/revisions"}],"wp:featuredmedia":[{"embeddable":true,"href":"https:\/\/armstrongyregion.com.ar\/diario\/wp-json\/wp\/v2\/media\/12741"}],"wp:attachment":[{"href":"https:\/\/armstrongyregion.com.ar\/diario\/wp-json\/wp\/v2\/media?parent=12740"}],"wp:term":[{"taxonomy":"category","embeddable":true,"href":"https:\/\/armstrongyregion.com.ar\/diario\/wp-json\/wp\/v2\/categories?post=12740"},{"taxonomy":"post_tag","embeddable":true,"href":"https:\/\/armstrongyregion.com.ar\/diario\/wp-json\/wp\/v2\/tags?post=12740"}],"curies":[{"name":"wp","href":"https:\/\/api.w.org\/{rel}","templated":true}]}}