{"id":12737,"date":"2017-05-01T00:05:52","date_gmt":"2017-05-01T00:05:52","guid":{"rendered":"https:\/\/armstrongyregion.com.ar\/diario\/?p=12737"},"modified":"2017-05-01T00:05:52","modified_gmt":"2017-05-01T00:05:52","slug":"buryaile-afirmo-que-nacion-aprobo-un-credito-para-sancor","status":"publish","type":"post","link":"https:\/\/armstrongyregion.com.ar\/diario\/buryaile-afirmo-que-nacion-aprobo-un-credito-para-sancor\/","title":{"rendered":"Buryaile afirm\u00f3 que Naci\u00f3n aprob\u00f3 un cr\u00e9dito para Sancor."},"content":{"rendered":"<p><a href=\"http:\/\/armstrongyregion.com.ar\/diario\/wp-content\/uploads\/2017\/04\/sancor.jpg_1572130063.jpg_1305449671.jpg\"><img loading=\"lazy\" decoding=\"async\" class=\"alignnone size-medium wp-image-12738\" src=\"http:\/\/armstrongyregion.com.ar\/diario\/wp-content\/uploads\/2017\/04\/sancor.jpg_1572130063.jpg_1305449671-300x169.jpg\" alt=\"sancor.jpg_1572130063.jpg_1305449671\" width=\"300\" height=\"169\" srcset=\"https:\/\/armstrongyregion.com.ar\/diario\/wp-content\/uploads\/2017\/04\/sancor.jpg_1572130063.jpg_1305449671-300x169.jpg 300w, https:\/\/armstrongyregion.com.ar\/diario\/wp-content\/uploads\/2017\/04\/sancor.jpg_1572130063.jpg_1305449671.jpg 847w\" sizes=\"auto, (max-width: 300px) 100vw, 300px\" \/><\/a>El Ministro de Agroindustria manifest\u00f3 que el pr\u00e9stamo ser\u00e1 de 450 millones de pesos. No obstante, pidi\u00f3 que se discuta el Convenio Colectivo de Trabajo del sector industrial.<\/p>\n<div>\n<p>Tras las <a href=\"https:\/\/www.rosario3.com\/noticias\/Sancor-trabajadores-levantaron-el-corte-pero-se-sienten-rehenes-20170428-0060.html\" target=\"_blank\">manifestaciones<\/a> de trabajadores de Sancor en <a href=\"https:\/\/www.rosario3.com\/noticias\/Un-pueblo-entero-sufre-el-efecto-domino-de-la-crisis-de-Sancor-20170426-0070.html\" target=\"_blank\">Centeno<\/a> y <a href=\"https:\/\/www.rosario3.com\/noticias\/Crisis-de-Sancor-en-Galvez-los-trabajadores-iniciaron-un-acampe-20170427-0016.html\" target=\"_blank\">G\u00e1lvez<\/a>,\u00a0y de que el propio gobernador convocara a una <a href=\"https:\/\/www.rosario3.com\/noticias\/Nueva-reunion-por-Sancor-y-corte-de-transito-de-Camioneros-20170428-0046.html\" target=\"_blank\">reuni\u00f3n<\/a> para buscar una \u00absalida pol\u00edtica\u00bb al conflicto vigente, el ministro de Agroindustria de la Naci\u00f3n dijo que el gobierno aprob\u00f3 un cr\u00e9dito de 450 millones de pesos para la empresa. No obstante, pidi\u00f3 que se discuta el Convenio Colectivo de Trabajo del sector industrial.<\/p>\n<p>\u00abTenemos aprobado el cr\u00e9dito por 450 millones de pesos pero queremos hacerlo responsablemente. Queremos que esta situaci\u00f3n mejore. No estamos pidiendo que se eche gente ni que se bajen los salarios. Hay una aporte que hace el sector empleador que va al sindicato\u00a0y queremos que se baje eso. Lo que queremos es que nos sentemos a hablar del Convenio Colectivo de Trabajo\u00bb, declar\u00f3 Ricardo Buryaile.<\/p>\n<p>\u00abHay que privilegiar los <a href=\"https:\/\/www.rosario3.com\/noticias\/Sancor-trabajadores-levantaron-el-corte-pero-se-sienten-rehenes-20170428-0060.html\" target=\"_blank\">puestos de trabajo<\/a>. Hay que resignar algunas cuestiones que poco tienen que ver con los puestos de trabajo y s\u00ed con la sustentabilidad\u00bb, explic\u00f3 el titular de la cartera agropecuaria, quien aclar\u00f3 que \u00abesto no es flexibilizar el trabajo\u00bb.<\/p>\n<p>\u00abNosotros trabajamos con el sindicato y con las c\u00e1maras y no pudieron llegar a un acuerdo sobre un punto que es un aporte que hace el empleador al sindicato. Nosotros tenemos responsabilidad tambi\u00e9n en el manejo de fondos p\u00fablicos, por lo que poner recursos en una empresa cuando sabemos que a\u00fan no est\u00e1n las condiciones de fondo de la industria ser\u00eda un error\u00bb, explic\u00f3 Buryaile.<\/p>\n<p>Adem\u00e1s, el ministro se refiri\u00f3 a las expresiones que realiz\u00f3 el presidente de la cooperativa, Gustavo Ferrero, en la cual pide tanto al sindicato como al gobierno nacional que reflexionen sobre la actualidad de la empresa.<\/p>\n<p>\u00abEl presidente sabe que hemos estado trabajando much\u00edsimo con la empresa, los gremios y las c\u00e1maras empresariales. Nosotros asumimos y Sancor ya ten\u00eda un cr\u00e9dito del gobierno de 250 millones de pesos. En ese momento, a trav\u00e9s del Fondear se giraron 250 millones de pesos m\u00e1s, pero la empresa sigui\u00f3 mal por un pasivo muy abultado y llegamos a un situaci\u00f3n en la que consideramos que no es s\u00f3lo Sancor, sino toda la cadena de producci\u00f3n l\u00e1ctea\u00bb, explic\u00f3.<\/p>\n<p>Por otro lado, el ministro de Trabajo, Empleo y Seguridad Social, Jorge Triaca, dijo el viernes que \u00abes un conflicto de una empresa que ya hace tiempo viene con problemas comerciales y financieros, y hay que buscar soluciones\u00bb.<\/p>\n<p>\u00abEl gobierno nacional y los propios integrantes de la cooperativa y el sindicato estamos buscando las soluciones, pero tambi\u00e9n tenemos que ser conscientes que esas soluciones requieren de cierta sustentabilidad, porque si eso no est\u00e1, estamos poniendo recursos en algo que despu\u00e9s no lo vamos a poder sostener\u00bb, agreg\u00f3.<\/p>\n<p>La cooperativa l\u00e1ctea Sancor atraviesa una crisis financiera y de producci\u00f3n por la cual se vio obligada a vender parte de sus principales marcas, suspender la producci\u00f3n en varias plantas y un atraso en el pago de los haberes a sus trabajadores y a sus proveedores, por lo que numerosos tambos no est\u00e1n entregando leche.<\/p>\n<p>Sancor tiene su sede en la ciudad de Sunchales, en Santa Fe, y varias plantas en distintas localidades, y cuenta con m\u00e1s de 4.000 empleados.<\/p>\n<\/div>\n<div class=\"entry-sources\">\n<p>Fuente: T\u00e9lam<\/p>\n<\/div>\n","protected":false},"excerpt":{"rendered":"<p>El Ministro de Agroindustria manifest\u00f3 que el pr\u00e9stamo ser\u00e1 de 450 millones de pesos. No obstante, pidi\u00f3 que se discuta el Convenio Colectivo de Trabajo del sector industrial. Tras las manifestaciones de trabajadores de Sancor en Centeno y G\u00e1lvez,\u00a0y de que el propio gobernador convocara a una reuni\u00f3n para buscar una \u00absalida pol\u00edtica\u00bb al conflicto <a href=\"https:\/\/armstrongyregion.com.ar\/diario\/buryaile-afirmo-que-nacion-aprobo-un-credito-para-sancor\/\" title=\"Read more\" >&#8230;<\/a><\/p>\n","protected":false},"author":1,"featured_media":12738,"comment_status":"open","ping_status":"open","sticky":false,"template":"","format":"standard","meta":{"_jetpack_memberships_contains_paid_content":false,"footnotes":"","jetpack_publicize_message":"","jetpack_publicize_feature_enabled":true,"jetpack_social_post_already_shared":false,"jetpack_social_options":{"image_generator_settings":{"template":"highway","default_image_id":0,"enabled":false},"version":2}},"categories":[1,7,3],"tags":[5367],"class_list":["post-12737","post","type-post","status-publish","format-standard","has-post-thumbnail","hentry","category-diario-armstrong","category-politica","category-region","tag-buryaile-afirmo-que-nacion-aprobo-un-credito-para-sancor"],"jetpack_publicize_connections":[],"jetpack_featured_media_url":"https:\/\/armstrongyregion.com.ar\/diario\/wp-content\/uploads\/2017\/04\/sancor.jpg_1572130063.jpg_1305449671.jpg","jetpack_shortlink":"https:\/\/wp.me\/p62QDO-3jr","jetpack_sharing_enabled":true,"amp_enabled":true,"_links":{"self":[{"href":"https:\/\/armstrongyregion.com.ar\/diario\/wp-json\/wp\/v2\/posts\/12737","targetHints":{"allow":["GET"]}}],"collection":[{"href":"https:\/\/armstrongyregion.com.ar\/diario\/wp-json\/wp\/v2\/posts"}],"about":[{"href":"https:\/\/armstrongyregion.com.ar\/diario\/wp-json\/wp\/v2\/types\/post"}],"author":[{"embeddable":true,"href":"https:\/\/armstrongyregion.com.ar\/diario\/wp-json\/wp\/v2\/users\/1"}],"replies":[{"embeddable":true,"href":"https:\/\/armstrongyregion.com.ar\/diario\/wp-json\/wp\/v2\/comments?post=12737"}],"version-history":[{"count":0,"href":"https:\/\/armstrongyregion.com.ar\/diario\/wp-json\/wp\/v2\/posts\/12737\/revisions"}],"wp:featuredmedia":[{"embeddable":true,"href":"https:\/\/armstrongyregion.com.ar\/diario\/wp-json\/wp\/v2\/media\/12738"}],"wp:attachment":[{"href":"https:\/\/armstrongyregion.com.ar\/diario\/wp-json\/wp\/v2\/media?parent=12737"}],"wp:term":[{"taxonomy":"category","embeddable":true,"href":"https:\/\/armstrongyregion.com.ar\/diario\/wp-json\/wp\/v2\/categories?post=12737"},{"taxonomy":"post_tag","embeddable":true,"href":"https:\/\/armstrongyregion.com.ar\/diario\/wp-json\/wp\/v2\/tags?post=12737"}],"curies":[{"name":"wp","href":"https:\/\/api.w.org\/{rel}","templated":true}]}}