{"id":12722,"date":"2017-04-29T15:26:31","date_gmt":"2017-04-29T15:26:31","guid":{"rendered":"https:\/\/armstrongyregion.com.ar\/diario\/?p=12722"},"modified":"2017-04-29T15:26:31","modified_gmt":"2017-04-29T15:26:31","slug":"intensa-agenda-de-frigerio-lifstchitz-y-rasetto","status":"publish","type":"post","link":"https:\/\/armstrongyregion.com.ar\/diario\/intensa-agenda-de-frigerio-lifstchitz-y-rasetto\/","title":{"rendered":"Intensa agenda de Frigerio, Lifstchitz y Rasetto."},"content":{"rendered":"<p><a href=\"http:\/\/armstrongyregion.com.ar\/diario\/wp-content\/uploads\/2017\/04\/Rasetto-.jpg\"><img loading=\"lazy\" decoding=\"async\" class=\"alignnone size-medium wp-image-12723\" src=\"http:\/\/armstrongyregion.com.ar\/diario\/wp-content\/uploads\/2017\/04\/Rasetto--300x195.jpg\" alt=\"Rasetto-\" width=\"300\" height=\"195\" srcset=\"https:\/\/armstrongyregion.com.ar\/diario\/wp-content\/uploads\/2017\/04\/Rasetto--300x195.jpg 300w, https:\/\/armstrongyregion.com.ar\/diario\/wp-content\/uploads\/2017\/04\/Rasetto-.jpg 768w\" sizes=\"auto, (max-width: 300px) 100vw, 300px\" \/><\/a>Este jueves el Ministro del Interior, Vivienda y Obras P\u00fablicas de la Naci\u00f3n, Rogelio Frigerio, particip\u00f3 de diferentes actividades junto al Gobernador de la provincia de Santa Fe, Miguel Lifstchitz y al Senador por el Departamento Iriondo, Hugo Rasetto.<\/p>\n<div>En primera instancia, participaron de la apertura de sobres de ofertas para la construcci\u00f3n del Acueducto San Lorenzo, que llevar\u00e1, por primera vez, agua potable de r\u00edo a 47 mil vecinos de esa localidad. La obra, para la cu\u00e1l se presentaron ofertas de ocho empresas, cuenta con un presupuesto oficial a cargo del Estado Nacional de $ 372.095.206,68, y tiene un plazo de ejecuci\u00f3n de 18 meses.<br \/>\nEn la actividad, que se desarroll\u00f3 en la sede de Aguas Santafesinas de la ciudad de San Lorenzo, tambi\u00e9n estuvieron presentes el Ministro de Infraestructura y Transporte, Jos\u00e9 Garibay; el Subsecretario de Recursos H\u00eddricos de la Naci\u00f3n, Pablo Bereciart\u00faa; los Diputados Nacionales, Mario Barletta y Luciano Laspina, el Senador Departamental, Armando Traferri; la Diputada Provincial, Clara Garc\u00eda; el presidente de Aguas Santafesinas, Sebasti\u00e1n Bonet; y dem\u00e1s autoridades provinciales y locales.<\/div>\n<div>Posteriorme, concurrieron a un acto en la sala Lavard\u00e9n de Rosario en recordaci\u00f3n al 74 Aniversario del Levantamiento del Gueto de Varsovia y de las v\u00edctimas del Holocausto.<\/div>\n<div>Para concluir el d\u00eda, el Senador Rasetto junto al Ministro Frigerio, participaron junto al Intendente de Santa Fe, Jos\u00e9 Corral y al Diputado Provincial, Federico Angelini de una reuni\u00f3n de todo el arco pol\u00edtico de Cambiemos en Santa Fe, donde realizaron un an\u00e1lisis de la situaci\u00f3n actual de la provincia y del pa\u00eds.<\/div>\n","protected":false},"excerpt":{"rendered":"<p>Este jueves el Ministro del Interior, Vivienda y Obras P\u00fablicas de la Naci\u00f3n, Rogelio Frigerio, particip\u00f3 de diferentes actividades junto al Gobernador de la provincia de Santa Fe, Miguel Lifstchitz y al Senador por el Departamento Iriondo, Hugo Rasetto. En primera instancia, participaron de la apertura de sobres de ofertas para la construcci\u00f3n del Acueducto <a href=\"https:\/\/armstrongyregion.com.ar\/diario\/intensa-agenda-de-frigerio-lifstchitz-y-rasetto\/\" title=\"Read more\" >&#8230;<\/a><\/p>\n","protected":false},"author":1,"featured_media":12723,"comment_status":"open","ping_status":"open","sticky":false,"template":"","format":"standard","meta":{"_jetpack_memberships_contains_paid_content":false,"footnotes":"","jetpack_publicize_message":"","jetpack_publicize_feature_enabled":true,"jetpack_social_post_already_shared":false,"jetpack_social_options":{"image_generator_settings":{"template":"highway","default_image_id":0,"enabled":false},"version":2}},"categories":[1,7,3],"tags":[5361,5362],"class_list":["post-12722","post","type-post","status-publish","format-standard","has-post-thumbnail","hentry","category-diario-armstrong","category-politica","category-region","tag-intensa-agenda-de-frigerio","tag-lifstchitz-y-rasetto"],"jetpack_publicize_connections":[],"jetpack_featured_media_url":"https:\/\/armstrongyregion.com.ar\/diario\/wp-content\/uploads\/2017\/04\/Rasetto-.jpg","jetpack_shortlink":"https:\/\/wp.me\/p62QDO-3jc","jetpack_sharing_enabled":true,"amp_enabled":true,"_links":{"self":[{"href":"https:\/\/armstrongyregion.com.ar\/diario\/wp-json\/wp\/v2\/posts\/12722","targetHints":{"allow":["GET"]}}],"collection":[{"href":"https:\/\/armstrongyregion.com.ar\/diario\/wp-json\/wp\/v2\/posts"}],"about":[{"href":"https:\/\/armstrongyregion.com.ar\/diario\/wp-json\/wp\/v2\/types\/post"}],"author":[{"embeddable":true,"href":"https:\/\/armstrongyregion.com.ar\/diario\/wp-json\/wp\/v2\/users\/1"}],"replies":[{"embeddable":true,"href":"https:\/\/armstrongyregion.com.ar\/diario\/wp-json\/wp\/v2\/comments?post=12722"}],"version-history":[{"count":0,"href":"https:\/\/armstrongyregion.com.ar\/diario\/wp-json\/wp\/v2\/posts\/12722\/revisions"}],"wp:featuredmedia":[{"embeddable":true,"href":"https:\/\/armstrongyregion.com.ar\/diario\/wp-json\/wp\/v2\/media\/12723"}],"wp:attachment":[{"href":"https:\/\/armstrongyregion.com.ar\/diario\/wp-json\/wp\/v2\/media?parent=12722"}],"wp:term":[{"taxonomy":"category","embeddable":true,"href":"https:\/\/armstrongyregion.com.ar\/diario\/wp-json\/wp\/v2\/categories?post=12722"},{"taxonomy":"post_tag","embeddable":true,"href":"https:\/\/armstrongyregion.com.ar\/diario\/wp-json\/wp\/v2\/tags?post=12722"}],"curies":[{"name":"wp","href":"https:\/\/api.w.org\/{rel}","templated":true}]}}