{"id":12719,"date":"2017-04-28T23:58:33","date_gmt":"2017-04-28T23:58:33","guid":{"rendered":"https:\/\/armstrongyregion.com.ar\/diario\/?p=12719"},"modified":"2017-04-28T23:58:33","modified_gmt":"2017-04-28T23:58:33","slug":"miguel-solis-se-reunio-con-estudiantes-en-armstrong-por-la-problematica-del-transporte","status":"publish","type":"post","link":"https:\/\/armstrongyregion.com.ar\/diario\/miguel-solis-se-reunio-con-estudiantes-en-armstrong-por-la-problematica-del-transporte\/","title":{"rendered":"Miguel Sol\u00eds se reuni\u00f3 con estudiantes en Armstrong por la problem\u00e1tica del transporte."},"content":{"rendered":"<p><a href=\"http:\/\/armstrongyregion.com.ar\/diario\/wp-content\/uploads\/2017\/04\/solis-transporte-.jpg\"><img loading=\"lazy\" decoding=\"async\" class=\"alignnone size-medium wp-image-12720\" src=\"http:\/\/armstrongyregion.com.ar\/diario\/wp-content\/uploads\/2017\/04\/solis-transporte--300x169.jpg\" alt=\"solis-transporte-\" width=\"300\" height=\"169\" srcset=\"https:\/\/armstrongyregion.com.ar\/diario\/wp-content\/uploads\/2017\/04\/solis-transporte--300x169.jpg 300w, https:\/\/armstrongyregion.com.ar\/diario\/wp-content\/uploads\/2017\/04\/solis-transporte-.jpg 768w\" sizes=\"auto, (max-width: 300px) 100vw, 300px\" \/><\/a>En la tarde del jueves, el Dip. Miguel Solis junto con referentes del Socialismo, Victor Cantarini de la localidad de Ca\u00f1ada de G\u00f3mez y Nelso \u00a0Reinaldi de la ciudad de Armstrong, se reunieron con alumnos de nivel terciario de nuestra regi\u00f3n, que vienen a estudiar a nuestra ciudad para abordar juntos la problem\u00e1tica del transporte.<\/p>\n<p>Al finalizar dicha reuni\u00f3n el Dip. Miguel Solis expres\u00f3 que: \u201cEsta charla fue muy positiva ya que los alumnos me han transmitido una gran cantidad de reclamos que yo como legislador tengo la obligaci\u00f3n de comunicar a la Secretar\u00eda de Transporte dado que hay una nueva concesi\u00f3n de una empresa que se va a hacer cargo del corredor de la Ruta 9, Ruta 33 y Ruta 178 con algunas exigencias que les he comentado a los alumnos que van a hacer que mejore la calidad y la seguridad del transporte. Lo importante es tratar de trasmitirles y recoger inquietudes para llevarlas adelante\u201d.<\/p>\n<p>Por su parte V\u00edctor Cantarini Secretario General del Centro Socialista de Ca\u00f1ada de G\u00f3mez expreso: \u201cel resultado de esta reuni\u00f3n es sumamente positivo, el dialogo intergeneracional es m\u00e1s que importante nosotros creemos que tenemos que integrar a los j\u00f3venes a un proyecto de comunidad, para resolver todos estos problemas que se hacen a trav\u00e9s de un programa, coordinando acciones, escuchando, participando, trazando objetivos y metas\u201d.<\/p>\n<p>Finalmente Victoria Bernardi, alumna de 2do a\u00f1o del profesorado de Historia de la Esc. N\u00b0 33 Mariano Moreno expres\u00f3: \u201cCon respecto a la reuni\u00f3n hacemos un balance m\u00e1s que positivo, esto se organiz\u00f3 ya que tuvimos el problema de un colectivo nos dej\u00f3 varados a diez estudiantes en \u00a0Ca\u00f1ada de G\u00f3mez. Cuando pasamos sal\u00f3n por sal\u00f3n indagando sobre este hecho nos encontramos con chicos de Las Rosas, Las Parejas, Montes de Oca y Tortugas que padecen esta misma situaci\u00f3n y compartimos las mismas necesidades. Que haya venido el Diputado Miguel Solis a escucharnos y a darnos una buena noticia adem\u00e1s de poner en su agenda y trasladar nuestros interrogantes al Ministerio de Transporte para nosotros es muy importante\u201d.<\/p>\n","protected":false},"excerpt":{"rendered":"<p>En la tarde del jueves, el Dip. Miguel Solis junto con referentes del Socialismo, Victor Cantarini de la localidad de Ca\u00f1ada de G\u00f3mez y Nelso \u00a0Reinaldi de la ciudad de Armstrong, se reunieron con alumnos de nivel terciario de nuestra regi\u00f3n, que vienen a estudiar a nuestra ciudad para abordar juntos la problem\u00e1tica del transporte. <a href=\"https:\/\/armstrongyregion.com.ar\/diario\/miguel-solis-se-reunio-con-estudiantes-en-armstrong-por-la-problematica-del-transporte\/\" title=\"Read more\" >&#8230;<\/a><\/p>\n","protected":false},"author":1,"featured_media":12720,"comment_status":"open","ping_status":"open","sticky":false,"template":"","format":"standard","meta":{"_jetpack_memberships_contains_paid_content":false,"footnotes":"","jetpack_publicize_message":"","jetpack_publicize_feature_enabled":true,"jetpack_social_post_already_shared":false,"jetpack_social_options":{"image_generator_settings":{"template":"highway","default_image_id":0,"enabled":false},"version":2}},"categories":[6,1,2,7,3],"tags":[5360],"class_list":["post-12719","post","type-post","status-publish","format-standard","has-post-thumbnail","hentry","category-cultura-entretenimiento","category-diario-armstrong","category-locales","category-politica","category-region","tag-miguel-solis-se-reunio-con-estudiantes-en-armstrong-por-la-problematica-del-transporte"],"jetpack_publicize_connections":[],"jetpack_featured_media_url":"https:\/\/armstrongyregion.com.ar\/diario\/wp-content\/uploads\/2017\/04\/solis-transporte-.jpg","jetpack_shortlink":"https:\/\/wp.me\/p62QDO-3j9","jetpack_sharing_enabled":true,"amp_enabled":true,"_links":{"self":[{"href":"https:\/\/armstrongyregion.com.ar\/diario\/wp-json\/wp\/v2\/posts\/12719","targetHints":{"allow":["GET"]}}],"collection":[{"href":"https:\/\/armstrongyregion.com.ar\/diario\/wp-json\/wp\/v2\/posts"}],"about":[{"href":"https:\/\/armstrongyregion.com.ar\/diario\/wp-json\/wp\/v2\/types\/post"}],"author":[{"embeddable":true,"href":"https:\/\/armstrongyregion.com.ar\/diario\/wp-json\/wp\/v2\/users\/1"}],"replies":[{"embeddable":true,"href":"https:\/\/armstrongyregion.com.ar\/diario\/wp-json\/wp\/v2\/comments?post=12719"}],"version-history":[{"count":0,"href":"https:\/\/armstrongyregion.com.ar\/diario\/wp-json\/wp\/v2\/posts\/12719\/revisions"}],"wp:featuredmedia":[{"embeddable":true,"href":"https:\/\/armstrongyregion.com.ar\/diario\/wp-json\/wp\/v2\/media\/12720"}],"wp:attachment":[{"href":"https:\/\/armstrongyregion.com.ar\/diario\/wp-json\/wp\/v2\/media?parent=12719"}],"wp:term":[{"taxonomy":"category","embeddable":true,"href":"https:\/\/armstrongyregion.com.ar\/diario\/wp-json\/wp\/v2\/categories?post=12719"},{"taxonomy":"post_tag","embeddable":true,"href":"https:\/\/armstrongyregion.com.ar\/diario\/wp-json\/wp\/v2\/tags?post=12719"}],"curies":[{"name":"wp","href":"https:\/\/api.w.org\/{rel}","templated":true}]}}