{"id":1269,"date":"2015-03-11T12:59:53","date_gmt":"2015-03-11T12:59:53","guid":{"rendered":"https:\/\/armstrongyregion.com.ar\/diario\/?p=1269"},"modified":"2015-03-11T12:59:53","modified_gmt":"2015-03-11T12:59:53","slug":"adrian-marozzi-seguira-al-frente-del-cuerpo-legislativo-y-dio-su-referencia-sobre-la-apertura-de-sesiones","status":"publish","type":"post","link":"https:\/\/armstrongyregion.com.ar\/diario\/adrian-marozzi-seguira-al-frente-del-cuerpo-legislativo-y-dio-su-referencia-sobre-la-apertura-de-sesiones\/","title":{"rendered":"Adri\u00e1n Marozzi, seguir\u00e1 al frente del cuerpo legislativo y dio su referencia sobre la apertura de sesiones."},"content":{"rendered":"<p><a href=\"http:\/\/armstrongyregion.com.ar\/diario\/wp-content\/uploads\/2015\/03\/inauguracion-concejo-014.jpg\"><img loading=\"lazy\" decoding=\"async\" class=\"alignnone size-medium wp-image-1270\" src=\"http:\/\/armstrongyregion.com.ar\/diario\/wp-content\/uploads\/2015\/03\/inauguracion-concejo-014-300x162.jpg\" alt=\"nauguracion concejo 014\" width=\"300\" height=\"162\" srcset=\"https:\/\/armstrongyregion.com.ar\/diario\/wp-content\/uploads\/2015\/03\/inauguracion-concejo-014-300x162.jpg 300w, https:\/\/armstrongyregion.com.ar\/diario\/wp-content\/uploads\/2015\/03\/inauguracion-concejo-014.jpg 768w\" sizes=\"auto, (max-width: 300px) 100vw, 300px\" \/><\/a>\u201cEsta es una sesi\u00f3n donde si bien no se trata ning\u00fan tema en particular, m\u00e1s que nada es una sesi\u00f3n inaugural donde en general viene el intendente municipal para dar su discurso reflejando lo que se hizo en el \u00faltimo a\u00f1o y lo que proyecta hacer, por ello estamos contentos que comience este a\u00f1o legislativo\u201d, comenz\u00f3 declarando ante los medios presentes el presidente del Concejo Deliberante.<br \/>\nAnte el inicio de la campa\u00f1a electoral se le consult\u00f3 como se vislumbra este a\u00f1o: \u201cEs un a\u00f1o electoral donde vamos a tener como m\u00ednimo cuatro elecciones, si bien es un a\u00f1o donde se reafirma la democracia porque el poder pasa por el pueblo para elegir sus representantes, esperemos que en el concejo prime la cordialidad, el tratar de acentuar y crecer nuestra ciudad, no entrando en un juego pol\u00edtico de discusiones sin sentidos. Creo que se va a lograr eso, porque el a\u00f1o pasado hemos trabajado muy bien y este a\u00f1o tambi\u00e9n, si bien va a haber diferencias pol\u00edticas, creo que en el concejo vamos a poder llevar adelante una serie de proyectos y trabajos que tenemos para este a\u00f1o.\u201d<\/p>\n","protected":false},"excerpt":{"rendered":"<p>\u201cEsta es una sesi\u00f3n donde si bien no se trata ning\u00fan tema en particular, m\u00e1s que nada es una sesi\u00f3n inaugural donde en general viene el intendente municipal para dar su discurso reflejando lo que se hizo en el \u00faltimo a\u00f1o y lo que proyecta hacer, por ello estamos contentos que comience este a\u00f1o legislativo\u201d, <a href=\"https:\/\/armstrongyregion.com.ar\/diario\/adrian-marozzi-seguira-al-frente-del-cuerpo-legislativo-y-dio-su-referencia-sobre-la-apertura-de-sesiones\/\" title=\"Read more\" >&#8230;<\/a><\/p>\n","protected":false},"author":2,"featured_media":1270,"comment_status":"open","ping_status":"open","sticky":false,"template":"","format":"standard","meta":{"_jetpack_memberships_contains_paid_content":false,"footnotes":"","jetpack_publicize_message":"","jetpack_publicize_feature_enabled":true,"jetpack_social_post_already_shared":false,"jetpack_social_options":{"image_generator_settings":{"template":"highway","default_image_id":0,"enabled":false},"version":2}},"categories":[8,1,2,7],"tags":[1116,179,58,1117,19,53,1119,257,31,1118,1120,218,1022,118,35,13],"class_list":["post-1269","post","type-post","status-publish","format-standard","has-post-thumbnail","hentry","category-deliberando","category-diario-armstrong","category-locales","category-politica","tag-adrian-marozzi","tag-al","tag-apertura","tag-cuerpo","tag-de","tag-del","tag-dio","tag-frente","tag-la","tag-legislativo","tag-referencia","tag-seguira","tag-sesiones","tag-sobre","tag-su","tag-y"],"jetpack_publicize_connections":[],"jetpack_featured_media_url":"https:\/\/armstrongyregion.com.ar\/diario\/wp-content\/uploads\/2015\/03\/inauguracion-concejo-014.jpg","jetpack_shortlink":"https:\/\/wp.me\/p62QDO-kt","jetpack_sharing_enabled":true,"amp_enabled":true,"_links":{"self":[{"href":"https:\/\/armstrongyregion.com.ar\/diario\/wp-json\/wp\/v2\/posts\/1269","targetHints":{"allow":["GET"]}}],"collection":[{"href":"https:\/\/armstrongyregion.com.ar\/diario\/wp-json\/wp\/v2\/posts"}],"about":[{"href":"https:\/\/armstrongyregion.com.ar\/diario\/wp-json\/wp\/v2\/types\/post"}],"author":[{"embeddable":true,"href":"https:\/\/armstrongyregion.com.ar\/diario\/wp-json\/wp\/v2\/users\/2"}],"replies":[{"embeddable":true,"href":"https:\/\/armstrongyregion.com.ar\/diario\/wp-json\/wp\/v2\/comments?post=1269"}],"version-history":[{"count":0,"href":"https:\/\/armstrongyregion.com.ar\/diario\/wp-json\/wp\/v2\/posts\/1269\/revisions"}],"wp:featuredmedia":[{"embeddable":true,"href":"https:\/\/armstrongyregion.com.ar\/diario\/wp-json\/wp\/v2\/media\/1270"}],"wp:attachment":[{"href":"https:\/\/armstrongyregion.com.ar\/diario\/wp-json\/wp\/v2\/media?parent=1269"}],"wp:term":[{"taxonomy":"category","embeddable":true,"href":"https:\/\/armstrongyregion.com.ar\/diario\/wp-json\/wp\/v2\/categories?post=1269"},{"taxonomy":"post_tag","embeddable":true,"href":"https:\/\/armstrongyregion.com.ar\/diario\/wp-json\/wp\/v2\/tags?post=1269"}],"curies":[{"name":"wp","href":"https:\/\/api.w.org\/{rel}","templated":true}]}}