{"id":12679,"date":"2017-04-26T11:19:22","date_gmt":"2017-04-26T11:19:22","guid":{"rendered":"https:\/\/armstrongyregion.com.ar\/diario\/?p=12679"},"modified":"2017-04-26T11:23:47","modified_gmt":"2017-04-26T11:23:47","slug":"permanente-actividad-legislativa-del-dip-miguel-solis-2","status":"publish","type":"post","link":"https:\/\/armstrongyregion.com.ar\/diario\/permanente-actividad-legislativa-del-dip-miguel-solis-2\/","title":{"rendered":"La obra \u201cDe Palo a Pique\u201d de Julio Migno, llega a Montes de Oca y Las Parejas."},"content":{"rendered":"<div class=\"m_8660713638225007409gmail-row-fluid\"><a href=\"http:\/\/armstrongyregion.com.ar\/diario\/wp-content\/uploads\/2017\/04\/julio-migno-.jpg\"><img loading=\"lazy\" decoding=\"async\" class=\"alignnone size-medium wp-image-12680\" src=\"http:\/\/armstrongyregion.com.ar\/diario\/wp-content\/uploads\/2017\/04\/julio-migno--300x225.jpg\" alt=\"julio-migno-\" width=\"300\" height=\"225\" srcset=\"https:\/\/armstrongyregion.com.ar\/diario\/wp-content\/uploads\/2017\/04\/julio-migno--300x225.jpg 300w, https:\/\/armstrongyregion.com.ar\/diario\/wp-content\/uploads\/2017\/04\/julio-migno-.jpg 768w\" sizes=\"auto, (max-width: 300px) 100vw, 300px\" \/><\/a>El pr\u00f3ximo\u00a0<strong>jueves 27<\/strong>\u00a0en la\u00a0<strong>Biblioteca Popular\u00a0 Jos\u00e9 Hern\u00e1ndez\u00a0<\/strong>\u00a0de la localidad de\u00a0<strong>Las Parejas<\/strong>\u00a0a partir de las\u00a0<strong>19hs<\/strong>\u00a0se presentar\u00e1 la re-edici\u00f3n del libro\u00a0<strong>\u201cDe Palo a Pique\u201d<\/strong>\u00a0del destacado\u00a0escritor costero,\u00a0<strong>Julio Migno.<\/strong><\/div>\n<div id=\"m_8660713638225007409gmail-main-col\">\n<div id=\"m_8660713638225007409gmail-post-17601\" class=\"m_8660713638225007409gmail-post-17601 m_8660713638225007409gmail-post m_8660713638225007409gmail-type-post m_8660713638225007409gmail-status-publish m_8660713638225007409gmail-format-standard m_8660713638225007409gmail-has-post-thumbnail m_8660713638225007409gmail-hentry m_8660713638225007409gmail-category-gestiones-e-c m_8660713638225007409gmail-category-montes-de-oca m_8660713638225007409entry-box m_8660713638225007409gmail-clearfix\">\n<div class=\"m_8660713638225007409elements-box m_8660713638225007409gmail-mt-20\">\n<p><strong>Dicha organizada por el Ente Cultural Santafesino forma parte de la gira 2017, junto a la Sra Olga Migno (hija del escritor) quien llevar\u00e1 dicha obra literaria a cada rinc\u00f3n santafesino.<\/strong><\/p>\n<p>Es importante destacar que esta re-edici\u00f3n fue llevada a cabo por la\u00a0<strong>Fundaci\u00f3n Julio Migno<\/strong>\u00a0y la\u00a0<strong>Diputada Provincial Claudia Giaccone<\/strong>,\u00a0permitiendo la publicaci\u00f3n de 500 ejemplares, los cuales ser\u00e1n expuestos en\u00a0cada localidad visitada,\u00a0durante el corriente a\u00f1o.<\/p>\n<p><em>\u201cA<\/em><span class=\"m_8660713638225007409gmail-text_exposed_show\"><em>\u00a0trav\u00e9s de la Imprenta Legislativa de la C\u00e1mara de Santa Fe, es un orgullo poder ser parte de esta iniciativa junto a sus hijas y a la Fundaci\u00f3n Julio Migno, que es el comienzo de futuras re-ediciones\u00a0de su profusa obra y que a trav\u00e9s del Ente Cultural Santafesino vuelve a aparecer en el territorio para ser disfrutado<\/em>\u201c, se\u00f1al\u00f3 la Diputada Giaccone.<\/span><\/p>\n<p><strong>Montes de Oca<br \/>\n<\/strong><\/p>\n<p>A partir de las<strong>\u00a017hs<\/strong>\u00a0en la\u00a0<strong>Biblioteca Popular Bernardino Rivadavia\u00a0<\/strong>se llevar\u00e1 una conferencia de prensa con la entrega del libro a las distintas entidades culturales de la comunidad perteneciente al Depto Belgrano.<\/p>\n<p><strong>Biograf\u00eda:<\/strong><\/p>\n<p><strong>Julio Migno Parera:<\/strong>\u00a0Naci\u00f3 en\u00a0San Javier,\u00a0provincia de Santa Fe, el\u00a06 de octubre\u00a0de\u00a01915\u00a0y muri\u00f3 el\u00a05 de diciembre\u00a0de\u00a01993\u00a0en la ciudad de\u00a0Santa Fe\u00a0Fue una persona de un lenguaje sencillo y sensible que lo llev\u00f3 a destacarse como poeta, su poes\u00edas abarcaba la naturaleza salvaje de su tierra, las soledades y silencios de los pobladores isleros, el mensaje humano.<\/p>\n<p>En 1932 aparece \u201cA los nuestros\u201d, peque\u00f1o volumen de poes\u00edas en colaboraci\u00f3n con F\u00e9lix Villasur. En 1943 cristaliza su primera obra de aliento, Amargas, donde la confluencia de indio, espa\u00f1ol y gringo es la trama por donde palpita el criollo, esencia del ser nuevo.<\/p>\n<p>En 1947 publica Yerbag\u00fcena, su obra cumbre, a la que la B.B.C. de Londres compara con la obra m\u00edstica de Bunyan.\u00a0En 1952 aparece Chira Molina, testimonio desgarrado de un personaje valiente y desafortunado, marcado por la injusticia social imperante.\u00a0En esta obra se destacan temas como \u201cSi ten\u00e9s cachorro\u201d, \u201cMis islas son eso\u201d y \u201cEl bolicho\u201d, entre otros.\u00a0En 1955 la Colecci\u00f3n del Litoral edita una recopilaci\u00f3n antol\u00f3gica: Cardos y estrellas.<\/p>\n<p>En 1965 ve la luz otra antolog\u00eda, De palo a pique, que al igual que el resto de las obras, alcanzar\u00eda varias ediciones. Miquichises, de 1972, incluye temas de vasta repercusi\u00f3n popular, tales como \u201cVersos pa negro y guitarra\u201d, \u201cRomance del indio gringo\u201d, \u201cEl hondazo\u201d, \u201cLa flauta de Paiki, \u201cVersos al indio que llevo\u201d y \u201cSan Francisco Javier\u201d.<\/p>\n<p>De neto corte castellano y con toda la carga l\u00edrica del tiempo y su marcha, da a la prensa, en 1987, Summa Poetica.\u00a0A lo largo de su trayectoria literaria, el autor ha recibido innumerables premios y distinciones. Llevan su nombre numerosas instituciones entre las que figuran escuelas y bibliotecas p\u00fablicas, as\u00ed como agrupaciones de orden diverso.<\/p>\n<p>El escritor dej\u00f3 su cuerpo f\u00edsico el 5 de diciembre de 1993 en la ciudad de Santa Fe. Sus restos descansan en el cementerio municipal de San Javier. Su obra sigue vigente a trav\u00e9s de su inclusi\u00f3n tanto en distintos planes de estudio como en diversas y fervorosas demostraciones de la cultura popular.<\/p>\n<p>La\u00a0<strong>Fundaci\u00f3n Julio Migno<\/strong>, est\u00e1 abocada tanto a la difusi\u00f3n de su obra como a la participaci\u00f3n del rescate de los valores aut\u00f3ctonos. Dentro de su ideario figura la fidelidad al mensaje de la obra del autor en lo referente a los grupos o sectores menos protegidos de la sociedad as\u00ed como a aquellos cuya patente vulnerabilidad los transforma en sujetos de esmerado cuidado y dedicaci\u00f3n sociocultural.<\/p>\n<\/div>\n<\/div>\n<\/div>\n","protected":false},"excerpt":{"rendered":"<p>El pr\u00f3ximo\u00a0jueves 27\u00a0en la\u00a0Biblioteca Popular\u00a0 Jos\u00e9 Hern\u00e1ndez\u00a0\u00a0de la localidad de\u00a0Las Parejas\u00a0a partir de las\u00a019hs\u00a0se presentar\u00e1 la re-edici\u00f3n del libro\u00a0\u201cDe Palo a Pique\u201d\u00a0del destacado\u00a0escritor costero,\u00a0Julio Migno. Dicha organizada por el Ente Cultural Santafesino forma parte de la gira 2017, junto a la Sra Olga Migno (hija del escritor) quien llevar\u00e1 dicha obra literaria a cada rinc\u00f3n <a href=\"https:\/\/armstrongyregion.com.ar\/diario\/permanente-actividad-legislativa-del-dip-miguel-solis-2\/\" title=\"Read more\" >&#8230;<\/a><\/p>\n","protected":false},"author":1,"featured_media":12680,"comment_status":"open","ping_status":"open","sticky":false,"template":"","format":"standard","meta":{"_jetpack_memberships_contains_paid_content":false,"footnotes":"","jetpack_publicize_message":"","jetpack_publicize_feature_enabled":true,"jetpack_social_post_already_shared":false,"jetpack_social_options":{"image_generator_settings":{"template":"highway","default_image_id":0,"enabled":false},"version":2}},"categories":[6,1,3],"tags":[5345],"class_list":["post-12679","post","type-post","status-publish","format-standard","has-post-thumbnail","hentry","category-cultura-entretenimiento","category-diario-armstrong","category-region","tag-permanente-actividad-legislativa-del-dip-miguel-solis"],"jetpack_publicize_connections":[],"jetpack_featured_media_url":"https:\/\/armstrongyregion.com.ar\/diario\/wp-content\/uploads\/2017\/04\/julio-migno-.jpg","jetpack_shortlink":"https:\/\/wp.me\/p62QDO-3iv","jetpack_sharing_enabled":true,"amp_enabled":true,"_links":{"self":[{"href":"https:\/\/armstrongyregion.com.ar\/diario\/wp-json\/wp\/v2\/posts\/12679","targetHints":{"allow":["GET"]}}],"collection":[{"href":"https:\/\/armstrongyregion.com.ar\/diario\/wp-json\/wp\/v2\/posts"}],"about":[{"href":"https:\/\/armstrongyregion.com.ar\/diario\/wp-json\/wp\/v2\/types\/post"}],"author":[{"embeddable":true,"href":"https:\/\/armstrongyregion.com.ar\/diario\/wp-json\/wp\/v2\/users\/1"}],"replies":[{"embeddable":true,"href":"https:\/\/armstrongyregion.com.ar\/diario\/wp-json\/wp\/v2\/comments?post=12679"}],"version-history":[{"count":0,"href":"https:\/\/armstrongyregion.com.ar\/diario\/wp-json\/wp\/v2\/posts\/12679\/revisions"}],"wp:featuredmedia":[{"embeddable":true,"href":"https:\/\/armstrongyregion.com.ar\/diario\/wp-json\/wp\/v2\/media\/12680"}],"wp:attachment":[{"href":"https:\/\/armstrongyregion.com.ar\/diario\/wp-json\/wp\/v2\/media?parent=12679"}],"wp:term":[{"taxonomy":"category","embeddable":true,"href":"https:\/\/armstrongyregion.com.ar\/diario\/wp-json\/wp\/v2\/categories?post=12679"},{"taxonomy":"post_tag","embeddable":true,"href":"https:\/\/armstrongyregion.com.ar\/diario\/wp-json\/wp\/v2\/tags?post=12679"}],"curies":[{"name":"wp","href":"https:\/\/api.w.org\/{rel}","templated":true}]}}