{"id":12673,"date":"2017-04-26T11:02:17","date_gmt":"2017-04-26T11:02:17","guid":{"rendered":"https:\/\/armstrongyregion.com.ar\/diario\/?p=12673"},"modified":"2017-04-26T11:02:17","modified_gmt":"2017-04-26T11:02:17","slug":"bonfatti-fue-reelecto-como-presidente-de-la-camara-de-diputados","status":"publish","type":"post","link":"https:\/\/armstrongyregion.com.ar\/diario\/bonfatti-fue-reelecto-como-presidente-de-la-camara-de-diputados\/","title":{"rendered":"Bonfatti fue reelecto como presidente de la C\u00e1mara de Diputados."},"content":{"rendered":"<p><strong><em><a href=\"http:\/\/armstrongyregion.com.ar\/diario\/wp-content\/uploads\/2017\/04\/Bonfatti-1.jpg\"><img loading=\"lazy\" decoding=\"async\" class=\"alignnone size-medium wp-image-12674\" src=\"http:\/\/armstrongyregion.com.ar\/diario\/wp-content\/uploads\/2017\/04\/Bonfatti-1-300x191.jpg\" alt=\"Bonfatti-armstrong-y-region-\" width=\"300\" height=\"191\" srcset=\"https:\/\/armstrongyregion.com.ar\/diario\/wp-content\/uploads\/2017\/04\/Bonfatti-1-300x191.jpg 300w, https:\/\/armstrongyregion.com.ar\/diario\/wp-content\/uploads\/2017\/04\/Bonfatti-1.jpg 800w\" sizes=\"auto, (max-width: 300px) 100vw, 300px\" \/><\/a>Fue elegido por unanimidad. En tanto, Mirabella y Mastrocola fueron designados vicepresidentes primero, y segundo respectivamente.<\/em><\/strong><\/p>\n<p>El legislador Antonio Bonfatti fue reelecto como presidente de la C\u00e1mara de Diputados de la provincia de Santa Fe, en el marco de la sesi\u00f3n preparatoria correspondiente al 135\u00ba per\u00edodo ordinario de sesiones de la C\u00e1mara baja.<\/p>\n<p>Con la presidencia provisoria del diputado Eduardo Di Pollina se procedi\u00f3 a la elecci\u00f3n de autoridades, momento en el cual Rub\u00e9n Galassi propuso Bonfatti para renovar su cargo en la presidencia.<\/p>\n<p>La moci\u00f3n fue acompa\u00f1ada por la totalidad de los presidentes de bloque quienes destacaron la trayectoria y el desempe\u00f1o del legislador en los diferentes cargos, tambi\u00e9n se mencion\u00f3 la elecci\u00f3n anterior y el caudal de votos obtenidos, pero sobre todo, se hizo hincapi\u00e9 en los discursos, en los logros obtenidos durante su gesti\u00f3n como Presidente.<\/p>\n<p>&nbsp;<\/p>\n<p>De este modo, Bonfatti fue votado por unanimidad y asumi\u00f3, por segundo a\u00f1o consecutivo, la Presidencia de la C\u00e1mara de Diputados. En el mismo sentido fueron propuestos y votados Roberto Mirabella como Vicepresidente primero, y Germ\u00e1n Mastrocola segundo.<\/p>\n<p>Bonfatti agradeci\u00f3 a sus pares la oportunidad de renovar el cargo y reafirm\u00f3 \u201cla calidad institucional de la Legislatura de la Provincia, algo que no es de ahora, sino que desde hace muchos a\u00f1os. Aqu\u00ed hay pensamientos que tienen que ver con la pluralidad de los partidos pol\u00edticos con consensos y disensos, pero siempre se han llevado en el marco del respeto\u201d, enfatiz\u00f3.<\/p>\n<p>\u201cTengo el orgullo de presidir esta C\u00e1mara que habla muy bien de lo que colectivamente hemos construido. Finalizamos el 134 per\u00edodo de sesiones y hemos realizado un raconto de lo trabajado durante el a\u00f1o: tenemos que estar orgullosos porque producimos much\u00edsimas leyes, algunas votadas por unanimidad y eso habla de la preocupaci\u00f3n de las y los legisladores por garantizar derechos\u201d, remarc\u00f3 Bonfatti.<\/p>\n<p>\u201cEstoy convencido de que vamos a seguir trabajando en este a\u00f1o electoral, incluso en la producci\u00f3n que se realiza en las comisiones y luego que luego se refleja en las sesiones\u201d, agreg\u00f3 en alusi\u00f3n a la coyuntura.<\/p>\n<p>\u201cLa realidad va cambiando y hay proyectos muy interesantes presentados en pos del bienestar de los santafesinos\u201d, destac\u00f3 el flamante presidente en el recinto.<\/p>\n<p>M\u00e1s tarde y en di\u00e1logo con los medios reiter\u00f3 el reconocimiento a los legisladores por el respeto y el di\u00e1logo interpares lo que ha permitido llevar adelante muchas propuestas y la sanci\u00f3n de leyes importantes\u201d.<\/p>\n<p>&nbsp;<\/p>\n<p>Dentro de las leyes que mencion\u00f3 como objetivo durante el per\u00edodo que comienza, destac\u00f3 que \u201chay varios proyectos relacionados con la reforma judicial, la ley de educaci\u00f3n, de salud, del uso de suelos, muchas propuestas muy interesantes\u201d.<\/p>\n<p>Por \u00faltimo, el presidente se refiri\u00f3 a la relaci\u00f3n con el Ejecutivo y el Senado Provincial para destacar \u201cel di\u00e1logo que siempre prima, no solo con la Presidencia, en el caso de la C\u00e1mara Alta, sino tambi\u00e9n con todos los bloques\u201d, a la hora de analizar iniciativas.<\/p>\n<p><strong>Reconocimiento y recuerdo<\/strong><\/p>\n<p>Al comienzo de la sesi\u00f3n tambi\u00e9n se expresaron los legisladores para recordar al exdiputado y exsecretario Electoral, Avelino Lago, quien falleci\u00f3 la semana pasada. Cada bloque pudo recordarlo con iniciativas presentadas, an\u00e9cdotas y respeto.<\/p>\n","protected":false},"excerpt":{"rendered":"<p>Fue elegido por unanimidad. En tanto, Mirabella y Mastrocola fueron designados vicepresidentes primero, y segundo respectivamente. El legislador Antonio Bonfatti fue reelecto como presidente de la C\u00e1mara de Diputados de la provincia de Santa Fe, en el marco de la sesi\u00f3n preparatoria correspondiente al 135\u00ba per\u00edodo ordinario de sesiones de la C\u00e1mara baja. Con la <a href=\"https:\/\/armstrongyregion.com.ar\/diario\/bonfatti-fue-reelecto-como-presidente-de-la-camara-de-diputados\/\" title=\"Read more\" >&#8230;<\/a><\/p>\n","protected":false},"author":1,"featured_media":12674,"comment_status":"open","ping_status":"open","sticky":false,"template":"","format":"standard","meta":{"_jetpack_memberships_contains_paid_content":false,"footnotes":"","jetpack_publicize_message":"","jetpack_publicize_feature_enabled":true,"jetpack_social_post_already_shared":false,"jetpack_social_options":{"image_generator_settings":{"template":"highway","default_image_id":0,"enabled":false},"version":2}},"categories":[1,7,3],"tags":[5344],"class_list":["post-12673","post","type-post","status-publish","format-standard","has-post-thumbnail","hentry","category-diario-armstrong","category-politica","category-region","tag-bonfatti-fue-reelecto-como-presidente-de-la-camara-de-diputados"],"jetpack_publicize_connections":[],"jetpack_featured_media_url":"https:\/\/armstrongyregion.com.ar\/diario\/wp-content\/uploads\/2017\/04\/Bonfatti-1.jpg","jetpack_shortlink":"https:\/\/wp.me\/p62QDO-3ip","jetpack_sharing_enabled":true,"amp_enabled":true,"_links":{"self":[{"href":"https:\/\/armstrongyregion.com.ar\/diario\/wp-json\/wp\/v2\/posts\/12673","targetHints":{"allow":["GET"]}}],"collection":[{"href":"https:\/\/armstrongyregion.com.ar\/diario\/wp-json\/wp\/v2\/posts"}],"about":[{"href":"https:\/\/armstrongyregion.com.ar\/diario\/wp-json\/wp\/v2\/types\/post"}],"author":[{"embeddable":true,"href":"https:\/\/armstrongyregion.com.ar\/diario\/wp-json\/wp\/v2\/users\/1"}],"replies":[{"embeddable":true,"href":"https:\/\/armstrongyregion.com.ar\/diario\/wp-json\/wp\/v2\/comments?post=12673"}],"version-history":[{"count":0,"href":"https:\/\/armstrongyregion.com.ar\/diario\/wp-json\/wp\/v2\/posts\/12673\/revisions"}],"wp:featuredmedia":[{"embeddable":true,"href":"https:\/\/armstrongyregion.com.ar\/diario\/wp-json\/wp\/v2\/media\/12674"}],"wp:attachment":[{"href":"https:\/\/armstrongyregion.com.ar\/diario\/wp-json\/wp\/v2\/media?parent=12673"}],"wp:term":[{"taxonomy":"category","embeddable":true,"href":"https:\/\/armstrongyregion.com.ar\/diario\/wp-json\/wp\/v2\/categories?post=12673"},{"taxonomy":"post_tag","embeddable":true,"href":"https:\/\/armstrongyregion.com.ar\/diario\/wp-json\/wp\/v2\/tags?post=12673"}],"curies":[{"name":"wp","href":"https:\/\/api.w.org\/{rel}","templated":true}]}}