{"id":1266,"date":"2015-03-11T12:50:11","date_gmt":"2015-03-11T12:50:11","guid":{"rendered":"https:\/\/armstrongyregion.com.ar\/diario\/?p=1266"},"modified":"2015-03-11T12:50:11","modified_gmt":"2015-03-11T12:50:11","slug":"verdecchia-inauguro-el-periodo-ordinario-del-concejo-deliberante","status":"publish","type":"post","link":"https:\/\/armstrongyregion.com.ar\/diario\/verdecchia-inauguro-el-periodo-ordinario-del-concejo-deliberante\/","title":{"rendered":"Verdecchia inaugur\u00f3 el periodo ordinario del Concejo Deliberante."},"content":{"rendered":"<p><a href=\"http:\/\/armstrongyregion.com.ar\/diario\/wp-content\/uploads\/2015\/03\/10347615_10204209777950045_9020082754111472769_n.jpg\"><img loading=\"lazy\" decoding=\"async\" class=\"alignnone size-medium wp-image-1267\" src=\"http:\/\/armstrongyregion.com.ar\/diario\/wp-content\/uploads\/2015\/03\/10347615_10204209777950045_9020082754111472769_n-300x198.jpg\" alt=\"Verdecchia Concejo\" width=\"300\" height=\"198\" srcset=\"https:\/\/armstrongyregion.com.ar\/diario\/wp-content\/uploads\/2015\/03\/10347615_10204209777950045_9020082754111472769_n-300x198.jpg 300w, https:\/\/armstrongyregion.com.ar\/diario\/wp-content\/uploads\/2015\/03\/10347615_10204209777950045_9020082754111472769_n.jpg 756w\" sizes=\"auto, (max-width: 300px) 100vw, 300px\" \/><\/a>El pasado martes 10 de marzo, el intendente Verdecchia inaugur\u00f3 las sesiones del periodo ordinario.<br \/>\n\u201cLos que creemos en los valores republicanos es important\u00edsimo esto de las aperturas de sesiones ordinarias del Concejo Municipal, donde podamos estar todos los actores, todos los poderes del estado para trabajar en conjunto\u201d, fue lo que expres\u00f3 el Dr. Pablo Verdecchia, sobre la importancia de este tipo de actos.<br \/>\nEl intendente continu\u00f3: \u201cA lo largo del a\u00f1o, habr\u00e1 dificultades m\u00e1s en este que es electoral, donde los consensos est\u00e1n disipados, pero creo que es lo m\u00e1s importante de todo lo que tenemos que lograr, seguir trabajando en conjunto, los seis concejales, el departamento ejecutivo, porque sabemos que cuando se logran esos consensos el que termina beneficiado es el pueblo.\u201d<br \/>\nEn lo que hace a la sesi\u00f3n propiamente dicha se le consult\u00f3 al intendente sobre la reacci\u00f3n de los ediles opositores al conocerse de decisi\u00f3n del municipio de ceder un terreno para la construcci\u00f3n del edificio propio del Concejo, respondiendo: \u201cNo he podido hablar con ellos todav\u00eda, pero seguramente ese es un deseo de todos los que hemos pasado por este cuerpo a lo largo de estos 29 a\u00f1os que ya se lleva de sesiones, de tener la casa propia, no creo haya problemas.\u201d<br \/>\nFotograf\u00eda, Jose Britos.<\/p>\n","protected":false},"excerpt":{"rendered":"<p>El pasado martes 10 de marzo, el intendente Verdecchia inaugur\u00f3 las sesiones del periodo ordinario. \u201cLos que creemos en los valores republicanos es important\u00edsimo esto de las aperturas de sesiones ordinarias del Concejo Municipal, donde podamos estar todos los actores, todos los poderes del estado para trabajar en conjunto\u201d, fue lo que expres\u00f3 el Dr. <a href=\"https:\/\/armstrongyregion.com.ar\/diario\/verdecchia-inauguro-el-periodo-ordinario-del-concejo-deliberante\/\" title=\"Read more\" >&#8230;<\/a><\/p>\n","protected":false},"author":2,"featured_media":1267,"comment_status":"open","ping_status":"open","sticky":false,"template":"","format":"standard","meta":{"_jetpack_memberships_contains_paid_content":false,"footnotes":"","jetpack_publicize_message":"","jetpack_publicize_feature_enabled":true,"jetpack_social_post_already_shared":false,"jetpack_social_options":{"image_generator_settings":{"template":"highway","default_image_id":0,"enabled":false},"version":2}},"categories":[8,1,2,7],"tags":[868,53,1115,16,1028,1114,1113,205],"class_list":["post-1266","post","type-post","status-publish","format-standard","has-post-thumbnail","hentry","category-deliberando","category-diario-armstrong","category-locales","category-politica","tag-concejo","tag-del","tag-deliberante","tag-el","tag-inauguro","tag-ordinario","tag-periodo","tag-verdecchia"],"jetpack_publicize_connections":[],"jetpack_featured_media_url":"https:\/\/armstrongyregion.com.ar\/diario\/wp-content\/uploads\/2015\/03\/10347615_10204209777950045_9020082754111472769_n.jpg","jetpack_shortlink":"https:\/\/wp.me\/p62QDO-kq","jetpack_sharing_enabled":true,"amp_enabled":true,"_links":{"self":[{"href":"https:\/\/armstrongyregion.com.ar\/diario\/wp-json\/wp\/v2\/posts\/1266","targetHints":{"allow":["GET"]}}],"collection":[{"href":"https:\/\/armstrongyregion.com.ar\/diario\/wp-json\/wp\/v2\/posts"}],"about":[{"href":"https:\/\/armstrongyregion.com.ar\/diario\/wp-json\/wp\/v2\/types\/post"}],"author":[{"embeddable":true,"href":"https:\/\/armstrongyregion.com.ar\/diario\/wp-json\/wp\/v2\/users\/2"}],"replies":[{"embeddable":true,"href":"https:\/\/armstrongyregion.com.ar\/diario\/wp-json\/wp\/v2\/comments?post=1266"}],"version-history":[{"count":0,"href":"https:\/\/armstrongyregion.com.ar\/diario\/wp-json\/wp\/v2\/posts\/1266\/revisions"}],"wp:featuredmedia":[{"embeddable":true,"href":"https:\/\/armstrongyregion.com.ar\/diario\/wp-json\/wp\/v2\/media\/1267"}],"wp:attachment":[{"href":"https:\/\/armstrongyregion.com.ar\/diario\/wp-json\/wp\/v2\/media?parent=1266"}],"wp:term":[{"taxonomy":"category","embeddable":true,"href":"https:\/\/armstrongyregion.com.ar\/diario\/wp-json\/wp\/v2\/categories?post=1266"},{"taxonomy":"post_tag","embeddable":true,"href":"https:\/\/armstrongyregion.com.ar\/diario\/wp-json\/wp\/v2\/tags?post=1266"}],"curies":[{"name":"wp","href":"https:\/\/api.w.org\/{rel}","templated":true}]}}