{"id":12622,"date":"2017-04-22T16:33:53","date_gmt":"2017-04-22T16:33:53","guid":{"rendered":"https:\/\/armstrongyregion.com.ar\/diario\/?p=12622"},"modified":"2017-04-22T16:33:53","modified_gmt":"2017-04-22T16:33:53","slug":"la-provincia-conformo-la-escuela-de-enfermeria-de-canada-de-gomez","status":"publish","type":"post","link":"https:\/\/armstrongyregion.com.ar\/diario\/la-provincia-conformo-la-escuela-de-enfermeria-de-canada-de-gomez\/","title":{"rendered":"La provincia conform\u00f3 la escuela de Enfermer\u00eda de Ca\u00f1ada de G\u00f3mez."},"content":{"rendered":"<p><a href=\"http:\/\/armstrongyregion.com.ar\/diario\/wp-content\/uploads\/2017\/04\/Clerici-Armstrong-y-Region-.jpeg\"><img loading=\"lazy\" decoding=\"async\" class=\"alignnone size-medium wp-image-12623\" src=\"http:\/\/armstrongyregion.com.ar\/diario\/wp-content\/uploads\/2017\/04\/Clerici-Armstrong-y-Region--300x169.jpeg\" alt=\"Clerici-Armstrong-y-Region-\" width=\"300\" height=\"169\" srcset=\"https:\/\/armstrongyregion.com.ar\/diario\/wp-content\/uploads\/2017\/04\/Clerici-Armstrong-y-Region--300x169.jpeg 300w, https:\/\/armstrongyregion.com.ar\/diario\/wp-content\/uploads\/2017\/04\/Clerici-Armstrong-y-Region--1024x576.jpeg 1024w, https:\/\/armstrongyregion.com.ar\/diario\/wp-content\/uploads\/2017\/04\/Clerici-Armstrong-y-Region-.jpeg 1920w\" sizes=\"auto, (max-width: 300px) 100vw, 300px\" \/><\/a>La instituci\u00f3n, durante 25 a\u00f1os, funcion\u00f3 como una extensi\u00f3n \u00e1ulica de la escuela de Enfermer\u00eda de Rosario. El ministro Gonz\u00e1lez particip\u00f3 de la ceremonia en la que tambi\u00e9n se inaugur\u00f3 un laboratorio de simulaci\u00f3n.<\/p>\n<p>El ministro de Salud, Miguel Gonz\u00e1lez, particip\u00f3 este viernes del acto por el cual la extensi\u00f3n \u00e1ulica de Enfermer\u00eda de Ca\u00f1ada de G\u00f3mez se convirti\u00f3 en escuela. La instituci\u00f3n anteriormente depend\u00eda de la escuela Superior de Enfermer\u00eda \u201cMar\u00eda Araya de Colombres\u201d de Rosario y, de ahora en m\u00e1s, depender\u00e1 de la Jefatura Provincial de Enfermer\u00eda.<\/p>\n<p>La medida fue dispuesta mediante Resoluci\u00f3n N\u00ba 0132, considerando que el proyecto institucional de la escuela de Enfermer\u00eda de Ca\u00f1ada de G\u00f3mez contempla los recursos humanos y t\u00e9cnico-administrativos que le permiten formar profesionales enfermeros y de la salud en la regi\u00f3n en toda su magnitud y complejidad.<\/p>\n<p>Durante el acto, Gonz\u00e1lez destac\u00f3 que \u201cno es la mismo funcionar como un anexo que tener la propia autonom\u00eda\u201d ya que \u00e9sta \u201cpermite que la escuela vaya tomando la impronta de la propia regi\u00f3n\u201d.<\/p>\n<p>El titular de la cartera sanitaria record\u00f3 que desde el Ministerio \u201cvenimos trabajando mucho en la formaci\u00f3n del recurso humano, especialmente en enfermer\u00eda, que es escaso y, con todos los esfuerzos que hacemos, estamos estimulando fuertemente a que haya cada vez m\u00e1s formaci\u00f3n\u201d.<\/p>\n<p>\u201cEl hecho de que la escuela se instale definitivamente, es decir que se pueda dar continuidad a las distintas cohortes, hace que la gente conozca y tenga la posibilidad de elegir esta iniciativa de estudio y que la escuela se consolide como una oferta importante para esta regi\u00f3n\u201d, asegur\u00f3 el ministro.<\/p>\n<p>Adem\u00e1s, agreg\u00f3 que \u201cestamos haciendo una enorme apuesta porque la salud p\u00fablica sea cada vez mejor en esta provincia y por lo tanto haciendo una muy fuerte apuesta a que seamos una de las provincia de vanguardia en lo que llamamos el sistema atenci\u00f3n primaria, es decir, que abarca los tres niveles de atenci\u00f3n, raz\u00f3n por lo cual se habla de una red de cuidados\u201d.<\/p>\n<p>\u201cEl Estado se defiende con una comunidad que sepa que una instituci\u00f3n debe preservarse en el tiempo porque es la garant\u00eda de que cada uno pueda acceder a un bien elemental y un derecho humano que es el acceso a la salud\u201d, remarc\u00f3 Gonz\u00e1lez.<\/p>\n<p>Finalmente, ponder\u00f3 que \u201dlos enfermeros y los profesionales tenemos que ser capaces de ser un equipo de salud\u201d y esto se hace con \u201cgente capacitada que entiende y sabe lo que hacemos. Los enfermeros son los primeros que contienen a la gente, son los primeros que llegan, por lo cual, rescatar el valor de la profesi\u00f3n no es un mero detalle\u201d.<\/p>\n<p><strong>POLO DE DESARROLLO SANITARIO Y EDUCATIVO<\/strong><br \/>\nLa intendente local, Stella Maris Clerici, rese\u00f1\u00f3 el historial de la escuela destacando que siempre \u201ctuvo continuidad, porque m\u00e1s all\u00e1 de los momentos y circunstancias, se quiso consolidar esa v\u00eda, fortaleciendo el desarrollo de la ciudad como un polo sanitario y educativo\u201d.<\/p>\n<p>Explic\u00f3, adem\u00e1s, que cuenta \u201ccon m\u00e1s de 70 alumnos de toda la regi\u00f3n y 12 profesores, lo que permite fortalecer a Ca\u00f1ada de G\u00f3mez y a la regi\u00f3n\u201d.<\/p>\n<p>Por su parte, la directora de la escuela, Marta Landaza, quien comenz\u00f3 a coordinar la extensi\u00f3n \u00e1ulica 25 a\u00f1os atr\u00e1s, rescat\u00f3 la significaci\u00f3n de la jornada como una herramienta de medida del presente y de enorme crecimiento y fortalecimiento futuro.<\/p>\n<p>Por \u00faltimo, la directora del hospital local, Ver\u00f3nica Mosconi, celebr\u00f3 \u201ceste gran logro, que es el resultado de un trabajo en conjunto en el que el conocimiento cient\u00edfico y los valores humanos se dan la mano para que sean luego los que les den una mano a los dem\u00e1s\u201d.<\/p>\n<p><strong>LABORATORIO DE SIMULACI\u00d3N<\/strong><br \/>\nEn el marco de la ceremonia, se procedi\u00f3 a dejar inaugurado un gabinete y laboratorio de simulaci\u00f3n, en el cual los estudiantes podr\u00e1n realizar pr\u00e1cticas de atenci\u00f3n y cuidados.<\/p>\n<p><strong>PRESENTES<\/strong><br \/>\nDe la actividad, realizada en las instalaciones del establecimiento ubicado en Urquiza 750, tambi\u00e9n participaron la directora provincial de Gesti\u00f3n del Conocimiento, Emma Volk, junto a jefes de servicios del efector, docentes, equipos de salud y las directoras de las escuelas de Enfermer\u00eda de Reconquista, Santa Fe, Rosario y Venado Tuerto, entre otras autoridades y miembros de la comunidad en general.<\/p>\n","protected":false},"excerpt":{"rendered":"<p>La instituci\u00f3n, durante 25 a\u00f1os, funcion\u00f3 como una extensi\u00f3n \u00e1ulica de la escuela de Enfermer\u00eda de Rosario. El ministro Gonz\u00e1lez particip\u00f3 de la ceremonia en la que tambi\u00e9n se inaugur\u00f3 un laboratorio de simulaci\u00f3n. El ministro de Salud, Miguel Gonz\u00e1lez, particip\u00f3 este viernes del acto por el cual la extensi\u00f3n \u00e1ulica de Enfermer\u00eda de Ca\u00f1ada <a href=\"https:\/\/armstrongyregion.com.ar\/diario\/la-provincia-conformo-la-escuela-de-enfermeria-de-canada-de-gomez\/\" title=\"Read more\" >&#8230;<\/a><\/p>\n","protected":false},"author":1,"featured_media":12623,"comment_status":"open","ping_status":"open","sticky":false,"template":"","format":"standard","meta":{"_jetpack_memberships_contains_paid_content":false,"footnotes":"","jetpack_publicize_message":"","jetpack_publicize_feature_enabled":true,"jetpack_social_post_already_shared":false,"jetpack_social_options":{"image_generator_settings":{"template":"highway","default_image_id":0,"enabled":false},"version":2}},"categories":[8,1,4,3],"tags":[5330],"class_list":["post-12622","post","type-post","status-publish","format-standard","has-post-thumbnail","hentry","category-deliberando","category-diario-armstrong","category-prevencion-salud","category-region","tag-la-provincia-conformo-la-escuela-de-enfermeria-de-canada-de-gomez"],"jetpack_publicize_connections":[],"jetpack_featured_media_url":"https:\/\/armstrongyregion.com.ar\/diario\/wp-content\/uploads\/2017\/04\/Clerici-Armstrong-y-Region-.jpeg","jetpack_shortlink":"https:\/\/wp.me\/p62QDO-3hA","jetpack_sharing_enabled":true,"amp_enabled":true,"_links":{"self":[{"href":"https:\/\/armstrongyregion.com.ar\/diario\/wp-json\/wp\/v2\/posts\/12622","targetHints":{"allow":["GET"]}}],"collection":[{"href":"https:\/\/armstrongyregion.com.ar\/diario\/wp-json\/wp\/v2\/posts"}],"about":[{"href":"https:\/\/armstrongyregion.com.ar\/diario\/wp-json\/wp\/v2\/types\/post"}],"author":[{"embeddable":true,"href":"https:\/\/armstrongyregion.com.ar\/diario\/wp-json\/wp\/v2\/users\/1"}],"replies":[{"embeddable":true,"href":"https:\/\/armstrongyregion.com.ar\/diario\/wp-json\/wp\/v2\/comments?post=12622"}],"version-history":[{"count":0,"href":"https:\/\/armstrongyregion.com.ar\/diario\/wp-json\/wp\/v2\/posts\/12622\/revisions"}],"wp:featuredmedia":[{"embeddable":true,"href":"https:\/\/armstrongyregion.com.ar\/diario\/wp-json\/wp\/v2\/media\/12623"}],"wp:attachment":[{"href":"https:\/\/armstrongyregion.com.ar\/diario\/wp-json\/wp\/v2\/media?parent=12622"}],"wp:term":[{"taxonomy":"category","embeddable":true,"href":"https:\/\/armstrongyregion.com.ar\/diario\/wp-json\/wp\/v2\/categories?post=12622"},{"taxonomy":"post_tag","embeddable":true,"href":"https:\/\/armstrongyregion.com.ar\/diario\/wp-json\/wp\/v2\/tags?post=12622"}],"curies":[{"name":"wp","href":"https:\/\/api.w.org\/{rel}","templated":true}]}}