{"id":12613,"date":"2017-04-21T12:54:55","date_gmt":"2017-04-21T12:54:55","guid":{"rendered":"https:\/\/armstrongyregion.com.ar\/diario\/?p=12613"},"modified":"2017-04-21T12:54:56","modified_gmt":"2017-04-21T12:54:56","slug":"ministerio-de-produccion-de-nacion-inauguracion-y-aportes","status":"publish","type":"post","link":"https:\/\/armstrongyregion.com.ar\/diario\/ministerio-de-produccion-de-nacion-inauguracion-y-aportes\/","title":{"rendered":"Ministerio de Producci\u00f3n de Naci\u00f3n. Inauguraci\u00f3n y aportes."},"content":{"rendered":"<div class=\"gmail_quote\">\n<div>\n<p dir=\"ltr\"><a href=\"http:\/\/armstrongyregion.com.ar\/diario\/wp-content\/uploads\/2017\/04\/Ministerio2-.jpg\"><img loading=\"lazy\" decoding=\"async\" class=\"alignnone size-medium wp-image-12614\" src=\"http:\/\/armstrongyregion.com.ar\/diario\/wp-content\/uploads\/2017\/04\/Ministerio2--300x200.jpg\" alt=\"Ministerio2-\" width=\"300\" height=\"200\" srcset=\"https:\/\/armstrongyregion.com.ar\/diario\/wp-content\/uploads\/2017\/04\/Ministerio2--300x200.jpg 300w, https:\/\/armstrongyregion.com.ar\/diario\/wp-content\/uploads\/2017\/04\/Ministerio2-.jpg 768w\" sizes=\"auto, (max-width: 300px) 100vw, 300px\" \/><\/a> El Ministerio de Producci\u00f3n de la Naci\u00f3n inaugur\u00f3 la Casa de la Producci\u00f3n y entreg\u00f3 aportes por m\u00e1s de $ 18 millones para parques industriales santafesinos<\/p>\n<ul>\n<li dir=\"ltr\">\n<p dir=\"ltr\">La Casa de la Producci\u00f3n contar\u00e1 con asesores que brindar\u00e1n apoyo a las PyMEs santafesinas con herramientas de financiamiento y de capacitaci\u00f3n.<\/p>\n<\/li>\n<li dir=\"ltr\">\n<p dir=\"ltr\">Ya hay 18 Casas de la Producci\u00f3n en todo el pa\u00eds y se espera la apertura de una por provincia para fin de a\u00f1o.<\/p>\n<\/li>\n<li dir=\"ltr\">\n<p dir=\"ltr\">Se entregaron aportes a los parques y \u00e1reas industriales de Carcara\u00f1\u00e1, Sauce Viejo, Rold\u00e1n, Correa, Los Pol\u00edgonos, Alvear y Avellaneda.<\/p>\n<\/li>\n<li dir=\"ltr\">\n<p dir=\"ltr\">Se visit\u00f3 la planta que la empresa Tadeo Czerweny tiene en G\u00e1lvez, que invirti\u00f3 15 millones de d\u00f3lares y provee grandes transformadores que ser\u00e1n destinados a las provincias de San Luis y Formosa.<\/p>\n<\/li>\n<\/ul>\n<p dir=\"ltr\">Rosario, 20 de abril de 2017. El Ministerio de Producci\u00f3n de la Naci\u00f3n inaugur\u00f3 hoy la Casa de la Producci\u00f3n de Rosario, espacio que brindar\u00e1 asistencia a las PyMEs y emprendedores de la provincia a trav\u00e9s de herramientas de financiamiento y capacitaciones de apoyo a la productividad y la competitividad.<\/p>\n<p dir=\"ltr\">La Casa de la Producci\u00f3n est\u00e1 ubicada en Paraguay 755, y contar\u00e1 con asesores especializados que recorrer\u00e1n y recibir\u00e1n a empresas de la zona para escuchar sus necesidades y acercarle soluciones. Adem\u00e1s organizar\u00e1n jornadas, capacitaciones y talleres abiertos a la comunidad productiva junto a organismos p\u00fablicos de la provincia y entes nacionales descentralizados como la Agencia Argentina de Inversiones, INTI, BICE y Garantizar SGR.<\/p>\n<p dir=\"ltr\">\u201cLa Casa de la Producci\u00f3n es la mejora forma de estar cerca de las PyMEs y emprendedores rosarinos\u201d, sostuvo Fernando Premoli, secretario de Integraci\u00f3n Productiva durante la inauguraci\u00f3n, y agreg\u00f3: \u201cQueremos ayudarlas a acceder a un cr\u00e9dito, comprar maquinaria para iniciar un proyecto, invertir en investigaci\u00f3n y desarrollo para ser m\u00e1s competitivos o incluso obtener una garant\u00eda para un pr\u00e9stamo\u201d.<\/p>\n<p dir=\"ltr\">Por su parte, el diputado nacional Jos\u00e9 N\u00fa\u00f1ez explic\u00f3 que \u201ceste es un hecho relevante para Rosario y la regi\u00f3n\u201d y a\u00f1adi\u00f3: \u201cNuestro objetivo es una industria nacional m\u00e1s competitiva y apuntalar el crecimiento para que se puedan generar m\u00e1s puestos de trabajo\u201d.<\/p>\n<p dir=\"ltr\">Las Casas de la Producci\u00f3n son sedes del Ministerio de Producci\u00f3n de la Naci\u00f3n distribuidas por todo el pa\u00eds. En la actualidad funcionan en la provincia de Buenos Aires, con sedes en Trenque Lauquen, Olavarr\u00eda, Jun\u00edn, Pergamino, Bah\u00eda Blanca, Mar del Plata y en otras ciudades del pa\u00eds, como General Pico, Posadas, Mendoza, Salta y Bariloche.<\/p>\n<p dir=\"ltr\">En tanto, el subsecretario de Gesti\u00f3n Productiva, Sergio Drucaroff, entreg\u00f3 en un acto en el Parque Industrial Alvear Aportes No Reintegrables (ANRs) al Parque \u00c1rea Industrial Carcara\u00f1\u00e1 para la construcci\u00f3n de un acceso e iluminaci\u00f3n por 1,5 millones de pesos; para el Parque Industrial Oficial de Desarrollo de Sauce Viejo, $ 2,9 millones destinados a obras civiles; para el \u00c1rea Industrial de Rold\u00e1n, $ 2,9 millones de pesos para la pavimentaci\u00f3n de calles internas.<\/p>\n<p dir=\"ltr\">Se entreg\u00f3 adem\u00e1s al \u00c1rea industrial de Correa $ 3 millones para un cord\u00f3n cuneta y cerco perimetral, para el \u00c1rea industrial Los Pol\u00edgonos, tambi\u00e9n $ 3 millones para la pavimentaci\u00f3n de calles internas; para el Parque Industrial de Alvear, $ 1,9 mill\u00f3n que ser\u00e1 utilizado para la pavimentaci\u00f3n de calles internas y, por \u00faltimo, para el Parque Industrial Oficial de Promoci\u00f3n de Avellaneda $ 3 millones, que ser\u00e1n destinados a obras civiles.<\/p>\n<p dir=\"ltr\">\u201cAdem\u00e1s de financiamiento para obras, queremos favorecer la profesionalizaci\u00f3n de la administraci\u00f3n de los Parques con gu\u00edas de buenas pr\u00e1cticas, por ejemplo, para realizar un loteo, y en temas de sustentabilidad ambiental\u201d, afirm\u00f3 Drucaroff.<\/p>\n<p dir=\"ltr\">VISITA A LA EMPRESA TADEO CZERWENY, QUE DESARROLLA UNA INVERSI\u00d3N DE 15 MILLONES DE D\u00d3LARES<\/p>\n<p dir=\"ltr\">El equipo de Producci\u00f3n visit\u00f3 la planta en Villa Gobernador G\u00e1lvez de la empresa Tadeo Czerweny, el \u00fanico fabricante de grandes transformadores en el pa\u00eds, que invirti\u00f3 15 millones de d\u00f3lares.<\/p>\n<p dir=\"ltr\">Hasta el momento la empresa construy\u00f3 dos transformadores, uno est\u00e1 en la provincia de San Luis y el siguiente ser\u00e1 destinado a la subestaci\u00f3n de Formosa, que fueron posibles gracias a un contrato integral de transferencia tecnol\u00f3gica con el Instituto VIT de Ucrania.<\/p>\n<p dir=\"ltr\">Los due\u00f1os de la empresa destacaron durante la visita la nueva Ley de Compre Nacional, que ser\u00e1 enviada al Congreso Nacional pr\u00f3ximamente por el Gobierno \u201cse potenciar\u00eda la posibilidad de integraci\u00f3n de partes nacionales en licitaciones\u201d, \u00a0al tiempo que sostuvieron que tienen \u201cun interesante potencial de cara al futuro\u201d, en un contexto que ampl\u00ede la participaci\u00f3n de empresas nacionales en este tipo de proyectos, con herramientas e igualdad de condiciones. \u00a0<span class=\"HOEnZb\"><span style=\"color: #888888;\"><span class=\"m_-7005332459300902891m_-617845508401384378HOEnZb\"><span class=\"m_-7005332459300902891m_-617845508401384378m_5156896928007036337HOEnZb\"><br \/>\n<\/span><\/span><\/span><\/span><\/p>\n<p><span id=\"m_-7005332459300902891m_-617845508401384378m_5156896928007036337m_-5356961850172998699m_5531950788567571894m_5605561365264939951m_-3659089570843820056gmail-docs-internal-guid-54442bf1-8c27-ebda-94f5-15d8632316fd\"><span class=\"HOEnZb\"><span style=\"color: #888888;\"><span class=\"m_-7005332459300902891m_-617845508401384378HOEnZb\"><span class=\"m_-7005332459300902891m_-617845508401384378m_5156896928007036337HOEnZb\"><br \/>\n<\/span><\/span><\/span><\/span><\/span><\/div>\n<\/div>\n<p><span class=\"HOEnZb\"><span style=\"color: #888888;\"><span class=\"m_-7005332459300902891m_-617845508401384378HOEnZb\"><span style=\"color: #888888;\"><span class=\"m_-7005332459300902891m_-617845508401384378m_5156896928007036337HOEnZb\"><span style=\"color: #888888;\"><br \/>\n<br clear=\"all\" \/><\/span><\/span><\/span><\/span><\/span><\/span><\/p>\n","protected":false},"excerpt":{"rendered":"<p>El Ministerio de Producci\u00f3n de la Naci\u00f3n inaugur\u00f3 la Casa de la Producci\u00f3n y entreg\u00f3 aportes por m\u00e1s de $ 18 millones para parques industriales santafesinos La Casa de la Producci\u00f3n contar\u00e1 con asesores que brindar\u00e1n apoyo a las PyMEs santafesinas con herramientas de financiamiento y de capacitaci\u00f3n. Ya hay 18 Casas de la Producci\u00f3n <a href=\"https:\/\/armstrongyregion.com.ar\/diario\/ministerio-de-produccion-de-nacion-inauguracion-y-aportes\/\" title=\"Read more\" >&#8230;<\/a><\/p>\n","protected":false},"author":1,"featured_media":12615,"comment_status":"open","ping_status":"open","sticky":false,"template":"","format":"standard","meta":{"_jetpack_memberships_contains_paid_content":false,"footnotes":"","jetpack_publicize_message":"","jetpack_publicize_feature_enabled":true,"jetpack_social_post_already_shared":false,"jetpack_social_options":{"image_generator_settings":{"template":"highway","default_image_id":0,"enabled":false},"version":2}},"categories":[8,1,2819,7,3],"tags":[5328],"class_list":["post-12613","post","type-post","status-publish","format-standard","has-post-thumbnail","hentry","category-deliberando","category-diario-armstrong","category-el-pais","category-politica","category-region","tag-ministerio-de-produccion-de-nacion-inauguracion-y-aportes"],"jetpack_publicize_connections":[],"jetpack_featured_media_url":"https:\/\/armstrongyregion.com.ar\/diario\/wp-content\/uploads\/2017\/04\/Ministerio2-1.jpg","jetpack_shortlink":"https:\/\/wp.me\/p62QDO-3hr","jetpack_sharing_enabled":true,"amp_enabled":true,"_links":{"self":[{"href":"https:\/\/armstrongyregion.com.ar\/diario\/wp-json\/wp\/v2\/posts\/12613","targetHints":{"allow":["GET"]}}],"collection":[{"href":"https:\/\/armstrongyregion.com.ar\/diario\/wp-json\/wp\/v2\/posts"}],"about":[{"href":"https:\/\/armstrongyregion.com.ar\/diario\/wp-json\/wp\/v2\/types\/post"}],"author":[{"embeddable":true,"href":"https:\/\/armstrongyregion.com.ar\/diario\/wp-json\/wp\/v2\/users\/1"}],"replies":[{"embeddable":true,"href":"https:\/\/armstrongyregion.com.ar\/diario\/wp-json\/wp\/v2\/comments?post=12613"}],"version-history":[{"count":0,"href":"https:\/\/armstrongyregion.com.ar\/diario\/wp-json\/wp\/v2\/posts\/12613\/revisions"}],"wp:featuredmedia":[{"embeddable":true,"href":"https:\/\/armstrongyregion.com.ar\/diario\/wp-json\/wp\/v2\/media\/12615"}],"wp:attachment":[{"href":"https:\/\/armstrongyregion.com.ar\/diario\/wp-json\/wp\/v2\/media?parent=12613"}],"wp:term":[{"taxonomy":"category","embeddable":true,"href":"https:\/\/armstrongyregion.com.ar\/diario\/wp-json\/wp\/v2\/categories?post=12613"},{"taxonomy":"post_tag","embeddable":true,"href":"https:\/\/armstrongyregion.com.ar\/diario\/wp-json\/wp\/v2\/tags?post=12613"}],"curies":[{"name":"wp","href":"https:\/\/api.w.org\/{rel}","templated":true}]}}