{"id":12572,"date":"2017-04-19T14:15:31","date_gmt":"2017-04-19T14:15:31","guid":{"rendered":"https:\/\/armstrongyregion.com.ar\/diario\/?p=12572"},"modified":"2017-04-19T14:15:31","modified_gmt":"2017-04-19T14:15:31","slug":"el-curioso-incidente-que-dio-origen-a-la-celebracion-del-dia-mundial-de-la-bicicleta","status":"publish","type":"post","link":"https:\/\/armstrongyregion.com.ar\/diario\/el-curioso-incidente-que-dio-origen-a-la-celebracion-del-dia-mundial-de-la-bicicleta\/","title":{"rendered":"El curioso incidente que dio origen a la celebraci\u00f3n del D\u00eda Mundial de la Bicicleta."},"content":{"rendered":"<p><a href=\"http:\/\/armstrongyregion.com.ar\/diario\/wp-content\/uploads\/2017\/04\/Bicicleta-.jpg\"><img loading=\"lazy\" decoding=\"async\" class=\"alignnone size-medium wp-image-12573\" src=\"http:\/\/armstrongyregion.com.ar\/diario\/wp-content\/uploads\/2017\/04\/Bicicleta--300x169.jpg\" alt=\"Bicicleta-\" width=\"300\" height=\"169\" srcset=\"https:\/\/armstrongyregion.com.ar\/diario\/wp-content\/uploads\/2017\/04\/Bicicleta--300x169.jpg 300w, https:\/\/armstrongyregion.com.ar\/diario\/wp-content\/uploads\/2017\/04\/Bicicleta-.jpg 768w\" sizes=\"auto, (max-width: 300px) 100vw, 300px\" \/><\/a>En numerosas ciudades del mundo se impulsa hoy el uso de la bicicleta. Pero, \u00bfcu\u00e1l es la raz\u00f3n de esta fecha?.<\/p>\n<div class=\"detail-body news-content \">\n<div class=\"news-body\">\n<div class=\"news-paragraph cuerpo\" data-idnota=\"1379709\" data-twitter-link=\"https:\/\/twitter.com\/intent\/tweet?url=http:\/\/www.lacapital.com.ar\/\/c1379709&amp;via=lacapital&amp;related=La Capital&amp;text=\">\n<div>Esta celebraci\u00f3n tiene un origen muy particular y est\u00e1 vinculado al descubrimiento de la poderosa droga LSD.<\/div>\n<div>A pesar de que el D\u00eda Mundial de la Bicicleta se celebra en todo el mundo con la finalidad de promover el uso de este medio de transporte saludable y sostenible, resulta que la fecha hace referencia al 19 de abril de 1943, cuando Albert Hofmann, conocido como \u00abel padre del LSD\u00bb, realiz\u00f3 en su laboratorio un autoexperimento con la sustancia para determinar sus efectos psicotr\u00f3picos, tras el cual su regreso a casa en bicicleta se tornar\u00eda famoso.<\/div>\n<div>La historia publicada en <a href=\"https:\/\/es.wikipedia.org\/wiki\/D%C3%ADa_Mundial_de_la_Bicicleta\" target=\"_new\">Wikipedia<\/a> indica que el qu\u00edmico suizo Hofmann realiz\u00f3 el experimento para determinar los efectos de la dietilamida de \u00e1cido lis\u00e9rgico (LSD). Hofmann ingiri\u00f3 deliberadamente 0,25 miligramos (250 microgramos) de la sustancia \u2014tres d\u00edas antes, el 16 de abril, lo hab\u00eda hecho en forma accidental mientras manipulaba la sustancia, descubriendo as\u00ed sus poderosos efectos\u2014, cantidad que consider\u00f3 por entonces una dosis m\u00ednimamente efectiva.<\/div>\n<div>\n<div id=\"embed9_wrap\" class=\"embed_cont type_freetext\">\n<div id=\"embed9_content\" class=\"embed_content\">\n<div id=\"embed9_embed\">\n<div class=\"SandboxRoot env-bp-350\" data-twitter-event-id=\"0\">\n<div id=\"twitter-widget-0\" class=\"EmbeddedTweet EmbeddedTweet--mediaForward media-forward js-clickToOpenTarget js-tweetIdInfo\" lang=\"es\" data-click-to-open-target=\"https:\/\/twitter.com\/lacapital\/status\/854653814221279237\" data-iframe-title=\"Tweet de Twitter\" data-dt-full=\"%{hours24}:%{minutes} - %{day} %{month} %{year}\" data-dt-months=\"Jan|Feb|Mar|Apr|May|Jun|Jul|Aug|Sep|Oct|Nov|Dec\" data-dt-am=\"AM\" data-dt-pm=\"PM\" data-dt-now=\"now\" data-dt-s=\"s\" data-dt-m=\"m\" data-dt-h=\"h\" data-dt-second=\"segundo\" data-dt-seconds=\"segundos\" data-dt-minute=\"minuto\" data-dt-minutes=\"minutos\" data-dt-hour=\"hora\" data-dt-hours=\"horas\" data-dt-abbr=\"%{number}%{symbol}\" data-dt-short=\"%{day} %{month}\" data-dt-long=\"%{day} %{month} %{year}\" data-scribe=\"page:tweet\" data-tweet-id=\"854653814221279237\" data-twitter-event-id=\"1\">\n<article class=\"MediaCard\n           MediaCard--mediaForward\n\n           customisable-border\" dir=\"ltr\" data-scribe=\"component:card\"><\/p>\n<div class=\"MediaCard-media\">\n<div class=\"MediaCard-widthConstraint js-cspForcedStyle\" data-style=\"max-width: 480px\">\n<div class=\"MediaCard-mediaContainer js-cspForcedStyle\" data-style=\"padding-bottom: 66.4583%\"><a class=\"MediaCard-mediaAsset\n                    NaturalImage\n\" href=\"https:\/\/twitter.com\/lacapital\/status\/854653814221279237\/photo\/1\" data-scribe=\"element:photo\"><img loading=\"lazy\" decoding=\"async\" class=\"NaturalImage-image\" title=\"Ver imagen en Twitter\" src=\"https:\/\/pbs.twimg.com\/media\/C9xWnGGXcAAYIsZ.jpg:small\" alt=\"Ver imagen en Twitter\" width=\"480\" height=\"319\" data-srcset=\"https%3A%2F%2Fpbs.twimg.com%2Fmedia%2FC9xWnGGXcAAYIsZ.jpg%3Asmall 480w,https%3A%2F%2Fpbs.twimg.com%2Fmedia%2FC9xWnGGXcAAYIsZ.jpg%3Alarge 480w,https%3A%2F%2Fpbs.twimg.com%2Fmedia%2FC9xWnGGXcAAYIsZ.jpg 480w\" \/><\/a>Menos de una hora despu\u00e9s, Hofmann experiment\u00f3 intensas y repentinas alteraciones de la percepci\u00f3n. Pidi\u00f3 a su ayudante de laboratorio que lo escoltara hasta su casa; como el uso de veh\u00edculos motorizados estaba prohibido a causa de las restricciones impuestas por la guerra, debieron hacer el viaje en bicicleta.<\/div>\n<\/div>\n<\/div>\n<\/article>\n<\/div>\n<\/div>\n<\/div>\n<\/div>\n<\/div>\n<\/div>\n<div>En el camino, las condiciones de Hofmann se deterioraron r\u00e1pidamente: ve\u00eda a su vecina de al lado como una bruja, pensaba que se estaba volviendo loco, y cre\u00eda que el LSD lo hab\u00eda envenenado. Sin embargo, cuando su m\u00e9dico de cabecera lo examin\u00f3, no detect\u00f3 ninguna anormalidad f\u00edsica, excepto por un par de pupilas incre\u00edblemente dilatadas. Hofmann fue estabilizado, y pronto su p\u00e1nico comenz\u00f3 a dar paso a una sensaci\u00f3n de fortuna y disfrute.<\/div>\n<div>\n<div id=\"1663350-Libre-1908704375_wrap\" class=\"embed_cont type_imagen no-epigrafe no-copyright\">\n<div id=\"1663350-Libre-1908704375_content\" class=\"embed_content\"><img decoding=\"async\" id=\"1663350-Libre-1908704375_embed\" src=\"http:\/\/www.lacapital.com.ar\/\/adjuntos\/203\/imagenes\/020\/190\/0020190924.jpg?0000-00-00-00-00-00\" alt=\"\" \/><\/div>\n<\/div>\n<\/div>\n<div>Hofmann lo describi\u00f3 as\u00ed: \u00abPoco a poco comenc\u00e9 a disfrutar de una sucesi\u00f3n de colores y formas sin precedentes, aun con mis ojos cerrados. Fant\u00e1sticas im\u00e1genes caleidosc\u00f3picas surg\u00edan en m\u00ed, alternantes, variadas, se abr\u00edan y cerraban en c\u00edrculos y espirales, y explotaban como fuentes de color, se reordenaban y mezclaban en un flujo constante\u00bb.<\/div>\n<div>Los eventos del primer viaje de LSD, conocido hoy como el D\u00eda de la Bicicleta, despu\u00e9s de su vuelta a casa en bicicleta, probaron a Hofmann que hab\u00eda hecho un descubrimiento significativo: una sustancia psicoactiva con una potencia extraordinaria, capaz de provocar alteraciones de la conciencia significativas con una dosis extremadamente peque\u00f1a.<\/div>\n<div>En ese entonces, Hofmann vision\u00f3 la droga como una potente herramienta psiqui\u00e1trica, debido a su naturaleza introspectiva, no imagin\u00f3 jam\u00e1s que alguien la utilizar\u00eda de forma recreacional o los da\u00f1os que eso provocar\u00eda.<\/div>\n<div>Cuarenta a\u00f1os despu\u00e9s, lleg\u00f3 la primera celebraci\u00f3n del D\u00eda de la Bicicleta en DeKalb, una ciudad estadounidense del estado de Illinois, en 1985.<\/div>\n<div>\n<div id=\"1663351-Libre-1747119663_wrap\" class=\"embed_cont type_imagen no-epigrafe no-copyright\">\n<div id=\"1663351-Libre-1747119663_content\" class=\"embed_content\"><img decoding=\"async\" id=\"1663351-Libre-1747119663_embed\" src=\"http:\/\/www.lacapital.com.ar\/\/adjuntos\/203\/imagenes\/020\/190\/0020190933.jpg?0000-00-00-00-00-00\" alt=\"\" \/><\/div>\n<\/div>\n<\/div>\n<div>Thomas B. Roberts, por entonces profesor de la Universidad del Norte de Illinois \u2014hoy, profesor em\u00e9rito de esa casa de estudios\u2014, cre\u00f3 el nombre de D\u00eda de la Bicicleta y fue en su propio hogar donde tuvo lugar la primera celebraci\u00f3n de este d\u00eda.<\/div>\n<div>Varios a\u00f1os despu\u00e9s, envi\u00f3 un anuncio confeccionado por uno de sus estudiantes a amigos y listas de internet para difundir la idea y su fecha de homenaje.<\/div>\n<div>Su primera intenci\u00f3n fue conmemorar la primera experiencia de Hofmann con el LSD, una exposici\u00f3n accidental a la sustancia que tuvo lugar tres d\u00edas antes del autoexperimento premeditado, el 16 de abril; pero como esa fecha cay\u00f3 a mitad de semana, a Roberts no le pareci\u00f3 buena idea celebrarlo en esa fecha, por lo que eligi\u00f3 el 19 para honrar la primera exposici\u00f3n intencional de Hofmann a la sustancia.<\/div>\n<div>Fuente: La Capital.<\/div>\n<\/div>\n<\/div>\n<\/div>\n<p><a href=\"http:\/\/www.lacapital.com.ar\/la-ciudad\/el-curioso-incidente-que-dio-origen-la-celebracion-del-dia-mundial-la-bicicleta-n1379709.html\" name=\"fb-comment\"><\/a><\/p>\n<div id=\"comenta\" class=\"content-comments col-xs-12 col-sm-12 col-md-12 \"><\/div>\n","protected":false},"excerpt":{"rendered":"<p>En numerosas ciudades del mundo se impulsa hoy el uso de la bicicleta. Pero, \u00bfcu\u00e1l es la raz\u00f3n de esta fecha?. Esta celebraci\u00f3n tiene un origen muy particular y est\u00e1 vinculado al descubrimiento de la poderosa droga LSD. A pesar de que el D\u00eda Mundial de la Bicicleta se celebra en todo el mundo con <a href=\"https:\/\/armstrongyregion.com.ar\/diario\/el-curioso-incidente-que-dio-origen-a-la-celebracion-del-dia-mundial-de-la-bicicleta\/\" title=\"Read more\" >&#8230;<\/a><\/p>\n","protected":false},"author":1,"featured_media":12573,"comment_status":"open","ping_status":"open","sticky":false,"template":"","format":"standard","meta":{"_jetpack_memberships_contains_paid_content":false,"footnotes":"","jetpack_publicize_message":"","jetpack_publicize_feature_enabled":true,"jetpack_social_post_already_shared":false,"jetpack_social_options":{"image_generator_settings":{"template":"highway","default_image_id":0,"enabled":false},"version":2}},"categories":[5,1,2,3],"tags":[5313],"class_list":["post-12572","post","type-post","status-publish","format-standard","has-post-thumbnail","hentry","category-deportes","category-diario-armstrong","category-locales","category-region","tag-el-curioso-incidente-que-dio-origen-a-la-celebracion-del-dia-mundial-de-la-bicicleta"],"jetpack_publicize_connections":[],"jetpack_featured_media_url":"https:\/\/armstrongyregion.com.ar\/diario\/wp-content\/uploads\/2017\/04\/Bicicleta-.jpg","jetpack_shortlink":"https:\/\/wp.me\/p62QDO-3gM","jetpack_sharing_enabled":true,"amp_enabled":true,"_links":{"self":[{"href":"https:\/\/armstrongyregion.com.ar\/diario\/wp-json\/wp\/v2\/posts\/12572","targetHints":{"allow":["GET"]}}],"collection":[{"href":"https:\/\/armstrongyregion.com.ar\/diario\/wp-json\/wp\/v2\/posts"}],"about":[{"href":"https:\/\/armstrongyregion.com.ar\/diario\/wp-json\/wp\/v2\/types\/post"}],"author":[{"embeddable":true,"href":"https:\/\/armstrongyregion.com.ar\/diario\/wp-json\/wp\/v2\/users\/1"}],"replies":[{"embeddable":true,"href":"https:\/\/armstrongyregion.com.ar\/diario\/wp-json\/wp\/v2\/comments?post=12572"}],"version-history":[{"count":0,"href":"https:\/\/armstrongyregion.com.ar\/diario\/wp-json\/wp\/v2\/posts\/12572\/revisions"}],"wp:featuredmedia":[{"embeddable":true,"href":"https:\/\/armstrongyregion.com.ar\/diario\/wp-json\/wp\/v2\/media\/12573"}],"wp:attachment":[{"href":"https:\/\/armstrongyregion.com.ar\/diario\/wp-json\/wp\/v2\/media?parent=12572"}],"wp:term":[{"taxonomy":"category","embeddable":true,"href":"https:\/\/armstrongyregion.com.ar\/diario\/wp-json\/wp\/v2\/categories?post=12572"},{"taxonomy":"post_tag","embeddable":true,"href":"https:\/\/armstrongyregion.com.ar\/diario\/wp-json\/wp\/v2\/tags?post=12572"}],"curies":[{"name":"wp","href":"https:\/\/api.w.org\/{rel}","templated":true}]}}