{"id":12525,"date":"2017-04-17T00:45:19","date_gmt":"2017-04-17T00:45:19","guid":{"rendered":"https:\/\/armstrongyregion.com.ar\/diario\/?p=12525"},"modified":"2017-04-17T01:09:00","modified_gmt":"2017-04-17T01:09:00","slug":"emotivo-viernes-santo-se-vivio-con-viacrucis-viviente","status":"publish","type":"post","link":"https:\/\/armstrongyregion.com.ar\/diario\/emotivo-viernes-santo-se-vivio-con-viacrucis-viviente\/","title":{"rendered":"Emotivo viernes santo se vivi\u00f3 con Viacrucis Viviente."},"content":{"rendered":"<p><a href=\"http:\/\/armstrongyregion.com.ar\/diario\/wp-content\/uploads\/2017\/04\/Ivan-Britos-Armstrong-y-Region-.jpg\"><img loading=\"lazy\" decoding=\"async\" class=\"alignnone size-medium wp-image-12526\" src=\"http:\/\/armstrongyregion.com.ar\/diario\/wp-content\/uploads\/2017\/04\/Ivan-Britos-Armstrong-y-Region--300x221.jpg\" alt=\"Ivan-Britos-Armstrong-y-Region-\" width=\"300\" height=\"221\" srcset=\"https:\/\/armstrongyregion.com.ar\/diario\/wp-content\/uploads\/2017\/04\/Ivan-Britos-Armstrong-y-Region--300x221.jpg 300w, https:\/\/armstrongyregion.com.ar\/diario\/wp-content\/uploads\/2017\/04\/Ivan-Britos-Armstrong-y-Region-.jpg 768w\" sizes=\"auto, (max-width: 300px) 100vw, 300px\" \/><\/a>\u2026Y Jes\u00fas carg\u00f3 la Cruz, y muri\u00f3 en ella para salvar nuestros pecados, para librarnos de ellos y rescatarnos para la vida divina\u2026<\/p>\n<p>La escenificaci\u00f3n del Viacrucis se realiz\u00f3 el pasado Viernes Santo en la Plaza San Martin, frente a la iglesia Nuestra Sra. De la Merced, estuvo protagonizada principalmente por j\u00f3venes \u00a0y adultos. La imagen de Jesucristo la encarno <a href=\"http:\/\/armstrongyregion.com.ar\/diario\/wp-content\/uploads\/2017\/04\/Viacrucis-armstrong-y-Region-.jpg\"><img loading=\"lazy\" decoding=\"async\" class=\"alignnone size-medium wp-image-12527\" src=\"http:\/\/armstrongyregion.com.ar\/diario\/wp-content\/uploads\/2017\/04\/Viacrucis-armstrong-y-Region--206x300.jpg\" alt=\"Viacrucis-armstrong-y-Region-\" width=\"206\" height=\"300\" srcset=\"https:\/\/armstrongyregion.com.ar\/diario\/wp-content\/uploads\/2017\/04\/Viacrucis-armstrong-y-Region--206x300.jpg 206w, https:\/\/armstrongyregion.com.ar\/diario\/wp-content\/uploads\/2017\/04\/Viacrucis-armstrong-y-Region-.jpg 581w\" sizes=\"auto, (max-width: 206px) 100vw, 206px\" \/><\/a>Ivan Britos un joven armstronense de 22 a\u00f1os de edad.<\/p>\n<p>Los feligreses presenciaron el momento m\u00e1s doliente para los cat\u00f3licos, pero tambi\u00e9n, el m\u00e1s lleno de amor, bondad, humildad, bajo el martirio de los golpes y vejaciones que Jes\u00fas sufri\u00f3 por nosotros.<\/p>\n<p>La representaci\u00f3n de la Pasi\u00f3n, Crucifixi\u00f3n y muerte de Jesucristo se desarroll\u00f3 en un circuito diagramado en los alrededores de la Plaza San Martin, donde los protagonistas encarnaron diversos papeles en esta ceremonia, como Jesucristo, Her\u00f3des, Poncio Pilato, soldados romanos, jud\u00edos y fariseos, entre otros, cuya representaci\u00f3n inici\u00f3 a las 20:00 con una excelente convocatoria.<\/p>\n","protected":false},"excerpt":{"rendered":"<p>\u2026Y Jes\u00fas carg\u00f3 la Cruz, y muri\u00f3 en ella para salvar nuestros pecados, para librarnos de ellos y rescatarnos para la vida divina\u2026 La escenificaci\u00f3n del Viacrucis se realiz\u00f3 el pasado Viernes Santo en la Plaza San Martin, frente a la iglesia Nuestra Sra. De la Merced, estuvo protagonizada principalmente por j\u00f3venes \u00a0y adultos. La <a href=\"https:\/\/armstrongyregion.com.ar\/diario\/emotivo-viernes-santo-se-vivio-con-viacrucis-viviente\/\" title=\"Read more\" >&#8230;<\/a><\/p>\n","protected":false},"author":1,"featured_media":12526,"comment_status":"open","ping_status":"open","sticky":false,"template":"","format":"standard","meta":{"_jetpack_memberships_contains_paid_content":false,"footnotes":"","jetpack_publicize_message":"","jetpack_publicize_feature_enabled":true,"jetpack_social_post_already_shared":false,"jetpack_social_options":{"image_generator_settings":{"template":"highway","default_image_id":0,"enabled":false},"version":2}},"categories":[6,1,2],"tags":[20,5301,388,13],"class_list":["post-12525","post","type-post","status-publish","format-standard","has-post-thumbnail","hentry","category-cultura-entretenimiento","category-diario-armstrong","category-locales","tag-armstrong","tag-emotivo-viernes-santo-se-vivio-con-viacrucis-viviente","tag-region-2","tag-y"],"jetpack_publicize_connections":[],"jetpack_featured_media_url":"https:\/\/armstrongyregion.com.ar\/diario\/wp-content\/uploads\/2017\/04\/Ivan-Britos-Armstrong-y-Region-.jpg","jetpack_shortlink":"https:\/\/wp.me\/p62QDO-3g1","jetpack_sharing_enabled":true,"amp_enabled":true,"_links":{"self":[{"href":"https:\/\/armstrongyregion.com.ar\/diario\/wp-json\/wp\/v2\/posts\/12525","targetHints":{"allow":["GET"]}}],"collection":[{"href":"https:\/\/armstrongyregion.com.ar\/diario\/wp-json\/wp\/v2\/posts"}],"about":[{"href":"https:\/\/armstrongyregion.com.ar\/diario\/wp-json\/wp\/v2\/types\/post"}],"author":[{"embeddable":true,"href":"https:\/\/armstrongyregion.com.ar\/diario\/wp-json\/wp\/v2\/users\/1"}],"replies":[{"embeddable":true,"href":"https:\/\/armstrongyregion.com.ar\/diario\/wp-json\/wp\/v2\/comments?post=12525"}],"version-history":[{"count":0,"href":"https:\/\/armstrongyregion.com.ar\/diario\/wp-json\/wp\/v2\/posts\/12525\/revisions"}],"wp:featuredmedia":[{"embeddable":true,"href":"https:\/\/armstrongyregion.com.ar\/diario\/wp-json\/wp\/v2\/media\/12526"}],"wp:attachment":[{"href":"https:\/\/armstrongyregion.com.ar\/diario\/wp-json\/wp\/v2\/media?parent=12525"}],"wp:term":[{"taxonomy":"category","embeddable":true,"href":"https:\/\/armstrongyregion.com.ar\/diario\/wp-json\/wp\/v2\/categories?post=12525"},{"taxonomy":"post_tag","embeddable":true,"href":"https:\/\/armstrongyregion.com.ar\/diario\/wp-json\/wp\/v2\/tags?post=12525"}],"curies":[{"name":"wp","href":"https:\/\/api.w.org\/{rel}","templated":true}]}}