{"id":1251,"date":"2015-03-10T13:29:58","date_gmt":"2015-03-10T13:29:58","guid":{"rendered":"https:\/\/armstrongyregion.com.ar\/diario\/?p=1251"},"modified":"2015-03-10T13:29:58","modified_gmt":"2015-03-10T13:29:58","slug":"las-rosas-desarrollan-un-plan-integral-urbano","status":"publish","type":"post","link":"https:\/\/armstrongyregion.com.ar\/diario\/las-rosas-desarrollan-un-plan-integral-urbano\/","title":{"rendered":"Las Rosas: Desarrollan un Plan Integral Urbano."},"content":{"rendered":"<p><a href=\"http:\/\/armstrongyregion.com.ar\/diario\/wp-content\/uploads\/2015\/03\/1-2.jpg\"><img loading=\"lazy\" decoding=\"async\" class=\"alignnone size-medium wp-image-1252\" src=\"http:\/\/armstrongyregion.com.ar\/diario\/wp-content\/uploads\/2015\/03\/1-2-300x220.jpg\" alt=\"Las Rosas planeamiento urbano\" width=\"300\" height=\"220\" srcset=\"https:\/\/armstrongyregion.com.ar\/diario\/wp-content\/uploads\/2015\/03\/1-2-300x220.jpg 300w, https:\/\/armstrongyregion.com.ar\/diario\/wp-content\/uploads\/2015\/03\/1-2.jpg 679w\" sizes=\"auto, (max-width: 300px) 100vw, 300px\" \/><\/a>Al Suroeste de la Provincia de Santa Fe, en la Ciudad de Las Rosas, cabecera del departamento Belgrano, ha comenzado el desarrollo un Plan Urbano General a cargo del Arquitecto Rafael Araya, integrante del equipo de trabajo del Senador Provincial, Alberto Crossetti (PJ Belgrano).<\/p>\n<p>El Concejal, Doctor Pedro De A\u00f1ais, acompa\u00f1\u00f3 al Arquitecto Araya por la ciudad aportando detalles necesarios para abordar este desarrollo urbano. Incluye el mejoramiento de los accesos principales, jerarquizaci\u00f3n de los espacios p\u00fablicos (plazas, parques Espa\u00f1a y San Mart\u00edn, entre otros), limpieza y desmalezamiento en el predio de ferrocarriles; y la creaci\u00f3n de destacamentos policiales, salas de salud para los barrios y transporte urbano.<\/p>\n<p>Incluso, el legislador provincial del departamento Belgrano agreg\u00f3 que una de las propuestas de la revitalizaci\u00f3n urbana incluye la semipeatonal, aportando un cambio significativo en la zona c\u00e9ntrica.<\/p>\n<p>Sobre el avance de este proyecto, el Senador Crossetti remarc\u00f3 que \u201cla ciudad pensada en su integralidad, enmarcada en plan urbano general, ser\u00e1 una herramienta imprescindible para que los sucesivos Intendentes puedan afrontar cambios. De manera que, las decisiones de cada intervenci\u00f3n est\u00e9n sujetas al consenso de los actores sociales involucrados, y que cada propuesta plasmada sea abierta al debate. Procurando una mayor participaci\u00f3n de la comunidad\u201d.<\/p>\n<p>En id\u00e9ntico sentido, el edil municipal, De A\u00f1ais, hizo hincapi\u00e9 en que al mejorar el entorno urbano, se favorece el desarrollo social y da la posibilidad del desarrollo econ\u00f3mico; adem\u00e1s de contribuir al mejoramiento de la imagen del lugar.<\/p>\n","protected":false},"excerpt":{"rendered":"<p>Al Suroeste de la Provincia de Santa Fe, en la Ciudad de Las Rosas, cabecera del departamento Belgrano, ha comenzado el desarrollo un Plan Urbano General a cargo del Arquitecto Rafael Araya, integrante del equipo de trabajo del Senador Provincial, Alberto Crossetti (PJ Belgrano). El Concejal, Doctor Pedro De A\u00f1ais, acompa\u00f1\u00f3 al Arquitecto Araya por <a href=\"https:\/\/armstrongyregion.com.ar\/diario\/las-rosas-desarrollan-un-plan-integral-urbano\/\" title=\"Read more\" >&#8230;<\/a><\/p>\n","protected":false},"author":2,"featured_media":1252,"comment_status":"open","ping_status":"open","sticky":false,"template":"","format":"standard","meta":{"_jetpack_memberships_contains_paid_content":false,"footnotes":"","jetpack_publicize_message":"","jetpack_publicize_feature_enabled":true,"jetpack_social_post_already_shared":false,"jetpack_social_options":{"image_generator_settings":{"template":"highway","default_image_id":0,"enabled":false},"version":2}},"categories":[1,7,3],"tags":[1100,965,23,177,361,192,966],"class_list":["post-1251","post","type-post","status-publish","format-standard","has-post-thumbnail","hentry","category-diario-armstrong","category-politica","category-region","tag-desarrollan","tag-integral","tag-las","tag-plan","tag-rosas","tag-un","tag-urbano"],"jetpack_publicize_connections":[],"jetpack_featured_media_url":"https:\/\/armstrongyregion.com.ar\/diario\/wp-content\/uploads\/2015\/03\/1-2.jpg","jetpack_shortlink":"https:\/\/wp.me\/p62QDO-kb","jetpack_sharing_enabled":true,"amp_enabled":true,"_links":{"self":[{"href":"https:\/\/armstrongyregion.com.ar\/diario\/wp-json\/wp\/v2\/posts\/1251","targetHints":{"allow":["GET"]}}],"collection":[{"href":"https:\/\/armstrongyregion.com.ar\/diario\/wp-json\/wp\/v2\/posts"}],"about":[{"href":"https:\/\/armstrongyregion.com.ar\/diario\/wp-json\/wp\/v2\/types\/post"}],"author":[{"embeddable":true,"href":"https:\/\/armstrongyregion.com.ar\/diario\/wp-json\/wp\/v2\/users\/2"}],"replies":[{"embeddable":true,"href":"https:\/\/armstrongyregion.com.ar\/diario\/wp-json\/wp\/v2\/comments?post=1251"}],"version-history":[{"count":0,"href":"https:\/\/armstrongyregion.com.ar\/diario\/wp-json\/wp\/v2\/posts\/1251\/revisions"}],"wp:featuredmedia":[{"embeddable":true,"href":"https:\/\/armstrongyregion.com.ar\/diario\/wp-json\/wp\/v2\/media\/1252"}],"wp:attachment":[{"href":"https:\/\/armstrongyregion.com.ar\/diario\/wp-json\/wp\/v2\/media?parent=1251"}],"wp:term":[{"taxonomy":"category","embeddable":true,"href":"https:\/\/armstrongyregion.com.ar\/diario\/wp-json\/wp\/v2\/categories?post=1251"},{"taxonomy":"post_tag","embeddable":true,"href":"https:\/\/armstrongyregion.com.ar\/diario\/wp-json\/wp\/v2\/tags?post=1251"}],"curies":[{"name":"wp","href":"https:\/\/api.w.org\/{rel}","templated":true}]}}