{"id":1248,"date":"2015-03-10T13:02:53","date_gmt":"2015-03-10T13:02:53","guid":{"rendered":"https:\/\/armstrongyregion.com.ar\/diario\/?p=1248"},"modified":"2015-03-10T13:02:53","modified_gmt":"2015-03-10T13:02:53","slug":"este-martes-en-deliberando-los-pre-candidatos-se-presentan-a-la-comunidad","status":"publish","type":"post","link":"https:\/\/armstrongyregion.com.ar\/diario\/este-martes-en-deliberando-los-pre-candidatos-se-presentan-a-la-comunidad\/","title":{"rendered":"Este martes en DELIBERANDO, los pre candidatos se presentan a la comunidad."},"content":{"rendered":"<p><a href=\"http:\/\/armstrongyregion.com.ar\/diario\/wp-content\/uploads\/2015\/03\/deliberando-5-0201.jpg\"><img loading=\"lazy\" decoding=\"async\" class=\"alignnone size-medium wp-image-1249\" src=\"http:\/\/armstrongyregion.com.ar\/diario\/wp-content\/uploads\/2015\/03\/deliberando-5-0201-300x200.jpg\" alt=\"deliberando Buzzi. \" width=\"300\" height=\"200\" srcset=\"https:\/\/armstrongyregion.com.ar\/diario\/wp-content\/uploads\/2015\/03\/deliberando-5-0201-300x200.jpg 300w, https:\/\/armstrongyregion.com.ar\/diario\/wp-content\/uploads\/2015\/03\/deliberando-5-0201.jpg 750w\" sizes=\"auto, (max-width: 300px) 100vw, 300px\" \/><\/a>Claudio Paoli, actual concejal en Las Rosas, explica los porque de su lanzamiento para obtener la senadur\u00eda departamental. Como es su trabajo de concejal y los beneficios que considera brinda a la gente, seguir\u00e1 as\u00ed si llega a la senadur\u00eda, dijo.<\/p>\n<p>En visita exclusiva a DELIBERANDO, los precandidatos a gobernador y vice por el Frente Renovador, Eduardo Buzzi y Ra\u00fal Ponzio, marcan las diferencias con sus competidores, que los llevo a conformar la formula, cual es el hilo conductor que los llevara a la gobernaci\u00f3n. Reutemann al no apoyarlos les hizo un beneficio?<\/p>\n<p>Figura nueva en la pol\u00edtica de Armstrong, la renovaci\u00f3n es posible dijo Emiliano Gramigna, porque \u201cJuntos podemos\u201d no pudo. Los problemas de la ciudad y c\u00f3mo encarar las soluciones.<\/p>\n<p>Todo este martes en DELIBERANDO, con la conducci\u00f3n de la licenciada Graciela de la Casa y Oscar Crispino.<\/p>\n<p>&nbsp;<\/p>\n","protected":false},"excerpt":{"rendered":"<p>Claudio Paoli, actual concejal en Las Rosas, explica los porque de su lanzamiento para obtener la senadur\u00eda departamental. Como es su trabajo de concejal y los beneficios que considera brinda a la gente, seguir\u00e1 as\u00ed si llega a la senadur\u00eda, dijo. En visita exclusiva a DELIBERANDO, los precandidatos a gobernador y vice por el Frente <a href=\"https:\/\/armstrongyregion.com.ar\/diario\/este-martes-en-deliberando-los-pre-candidatos-se-presentan-a-la-comunidad\/\" title=\"Read more\" >&#8230;<\/a><\/p>\n","protected":false},"author":2,"featured_media":1249,"comment_status":"open","ping_status":"open","sticky":false,"template":"","format":"standard","meta":{"_jetpack_memberships_contains_paid_content":false,"footnotes":"","jetpack_publicize_message":"","jetpack_publicize_feature_enabled":true,"jetpack_social_post_already_shared":false,"jetpack_social_options":{"image_generator_settings":{"template":"highway","default_image_id":0,"enabled":false},"version":2}},"categories":[8,1,2,7],"tags":[33,765,617,44,15,162,31,42,327,764,1099,86],"class_list":["post-1248","post","type-post","status-publish","format-standard","has-post-thumbnail","hentry","category-deliberando","category-diario-armstrong","category-locales","category-politica","tag-a","tag-candidatos","tag-comunidad","tag-deliberando-2","tag-en","tag-este","tag-la","tag-los","tag-martes","tag-pre","tag-presentan","tag-se"],"jetpack_publicize_connections":[],"jetpack_featured_media_url":"https:\/\/armstrongyregion.com.ar\/diario\/wp-content\/uploads\/2015\/03\/deliberando-5-0201.jpg","jetpack_shortlink":"https:\/\/wp.me\/p62QDO-k8","jetpack_sharing_enabled":true,"amp_enabled":true,"_links":{"self":[{"href":"https:\/\/armstrongyregion.com.ar\/diario\/wp-json\/wp\/v2\/posts\/1248","targetHints":{"allow":["GET"]}}],"collection":[{"href":"https:\/\/armstrongyregion.com.ar\/diario\/wp-json\/wp\/v2\/posts"}],"about":[{"href":"https:\/\/armstrongyregion.com.ar\/diario\/wp-json\/wp\/v2\/types\/post"}],"author":[{"embeddable":true,"href":"https:\/\/armstrongyregion.com.ar\/diario\/wp-json\/wp\/v2\/users\/2"}],"replies":[{"embeddable":true,"href":"https:\/\/armstrongyregion.com.ar\/diario\/wp-json\/wp\/v2\/comments?post=1248"}],"version-history":[{"count":0,"href":"https:\/\/armstrongyregion.com.ar\/diario\/wp-json\/wp\/v2\/posts\/1248\/revisions"}],"wp:featuredmedia":[{"embeddable":true,"href":"https:\/\/armstrongyregion.com.ar\/diario\/wp-json\/wp\/v2\/media\/1249"}],"wp:attachment":[{"href":"https:\/\/armstrongyregion.com.ar\/diario\/wp-json\/wp\/v2\/media?parent=1248"}],"wp:term":[{"taxonomy":"category","embeddable":true,"href":"https:\/\/armstrongyregion.com.ar\/diario\/wp-json\/wp\/v2\/categories?post=1248"},{"taxonomy":"post_tag","embeddable":true,"href":"https:\/\/armstrongyregion.com.ar\/diario\/wp-json\/wp\/v2\/tags?post=1248"}],"curies":[{"name":"wp","href":"https:\/\/api.w.org\/{rel}","templated":true}]}}