{"id":12453,"date":"2017-04-10T20:38:37","date_gmt":"2017-04-10T20:38:37","guid":{"rendered":"https:\/\/armstrongyregion.com.ar\/diario\/?p=12453"},"modified":"2017-04-10T20:38:37","modified_gmt":"2017-04-10T20:38:37","slug":"armstrong-taller-anual-de-inteligencia-emocional","status":"publish","type":"post","link":"https:\/\/armstrongyregion.com.ar\/diario\/armstrong-taller-anual-de-inteligencia-emocional\/","title":{"rendered":"Armstrong. Taller anual de Inteligencia Emocional."},"content":{"rendered":"<p><a href=\"http:\/\/armstrongyregion.com.ar\/diario\/wp-content\/uploads\/2017\/04\/taller-inteligencia-emocional.jpg\"><img loading=\"lazy\" decoding=\"async\" class=\"alignnone size-medium wp-image-12454\" src=\"http:\/\/armstrongyregion.com.ar\/diario\/wp-content\/uploads\/2017\/04\/taller-inteligencia-emocional-300x198.jpg\" alt=\"taller inteligencia emocional\" width=\"300\" height=\"198\" srcset=\"https:\/\/armstrongyregion.com.ar\/diario\/wp-content\/uploads\/2017\/04\/taller-inteligencia-emocional-300x198.jpg 300w, https:\/\/armstrongyregion.com.ar\/diario\/wp-content\/uploads\/2017\/04\/taller-inteligencia-emocional.jpg 768w\" sizes=\"auto, (max-width: 300px) 100vw, 300px\" \/><\/a>La Municipalidad de Armstrong invita a la presentaci\u00f3n del taller anual de Inteligencia Emocional y Desarrollo para la Sana Convivencia que se realizar\u00e1 el d\u00eda martes 11 de abril a las 18 hs. en el sal\u00f3n auditorio Delmo Dar\u00f3.<\/p>\n<p>Dicha propuesta apunta a c\u00f3mo abordamos diversas problem\u00e1ticas de la sociedad y que est\u00e1n sintiendo los docentes directamente en las aulas y fuera de ellas, en cuanto a la convivencia y el di\u00e1logo, para evitar situaciones de violencia.<\/p>\n<p>Quien estar\u00e1 a cargo es el Licenciado en Psicolog\u00eda Dr. Pablo Sucarrat. La din\u00e1mica ser\u00e1 de charlas- talleres dirigidas a alumnos desde 5\u00b0 grado de escuelas primarias, secundario completo, directivos, docentes, padres y p\u00fablico en general.<\/p>\n<p>Se ofrecer\u00e1 en las escuelas con un cronograma pre establecido, constando de diez encuentros a lo largo del a\u00f1o.<\/p>\n","protected":false},"excerpt":{"rendered":"<p>La Municipalidad de Armstrong invita a la presentaci\u00f3n del taller anual de Inteligencia Emocional y Desarrollo para la Sana Convivencia que se realizar\u00e1 el d\u00eda martes 11 de abril a las 18 hs. en el sal\u00f3n auditorio Delmo Dar\u00f3. Dicha propuesta apunta a c\u00f3mo abordamos diversas problem\u00e1ticas de la sociedad y que est\u00e1n sintiendo los <a href=\"https:\/\/armstrongyregion.com.ar\/diario\/armstrong-taller-anual-de-inteligencia-emocional\/\" title=\"Read more\" >&#8230;<\/a><\/p>\n","protected":false},"author":1,"featured_media":12454,"comment_status":"open","ping_status":"open","sticky":false,"template":"","format":"standard","meta":{"_jetpack_memberships_contains_paid_content":false,"footnotes":"","jetpack_publicize_message":"","jetpack_publicize_feature_enabled":true,"jetpack_social_post_already_shared":false,"jetpack_social_options":{"image_generator_settings":{"template":"highway","default_image_id":0,"enabled":false},"version":2}},"categories":[6,1,2],"tags":[20,5282,388,13],"class_list":["post-12453","post","type-post","status-publish","format-standard","has-post-thumbnail","hentry","category-cultura-entretenimiento","category-diario-armstrong","category-locales","tag-armstrong","tag-armstrong-taller-anual-de-inteligencia-emocional","tag-region-2","tag-y"],"jetpack_publicize_connections":[],"jetpack_featured_media_url":"https:\/\/armstrongyregion.com.ar\/diario\/wp-content\/uploads\/2017\/04\/taller-inteligencia-emocional.jpg","jetpack_shortlink":"https:\/\/wp.me\/p62QDO-3eR","jetpack_sharing_enabled":true,"amp_enabled":true,"_links":{"self":[{"href":"https:\/\/armstrongyregion.com.ar\/diario\/wp-json\/wp\/v2\/posts\/12453","targetHints":{"allow":["GET"]}}],"collection":[{"href":"https:\/\/armstrongyregion.com.ar\/diario\/wp-json\/wp\/v2\/posts"}],"about":[{"href":"https:\/\/armstrongyregion.com.ar\/diario\/wp-json\/wp\/v2\/types\/post"}],"author":[{"embeddable":true,"href":"https:\/\/armstrongyregion.com.ar\/diario\/wp-json\/wp\/v2\/users\/1"}],"replies":[{"embeddable":true,"href":"https:\/\/armstrongyregion.com.ar\/diario\/wp-json\/wp\/v2\/comments?post=12453"}],"version-history":[{"count":0,"href":"https:\/\/armstrongyregion.com.ar\/diario\/wp-json\/wp\/v2\/posts\/12453\/revisions"}],"wp:featuredmedia":[{"embeddable":true,"href":"https:\/\/armstrongyregion.com.ar\/diario\/wp-json\/wp\/v2\/media\/12454"}],"wp:attachment":[{"href":"https:\/\/armstrongyregion.com.ar\/diario\/wp-json\/wp\/v2\/media?parent=12453"}],"wp:term":[{"taxonomy":"category","embeddable":true,"href":"https:\/\/armstrongyregion.com.ar\/diario\/wp-json\/wp\/v2\/categories?post=12453"},{"taxonomy":"post_tag","embeddable":true,"href":"https:\/\/armstrongyregion.com.ar\/diario\/wp-json\/wp\/v2\/tags?post=12453"}],"curies":[{"name":"wp","href":"https:\/\/api.w.org\/{rel}","templated":true}]}}