{"id":1245,"date":"2015-03-09T16:56:33","date_gmt":"2015-03-09T16:56:33","guid":{"rendered":"https:\/\/armstrongyregion.com.ar\/diario\/?p=1245"},"modified":"2015-03-09T16:56:33","modified_gmt":"2015-03-09T16:56:33","slug":"dos-ciclistas-realizan-una-larga-travesia-y-destinaron-un-merecido-descanso-en-armstrong","status":"publish","type":"post","link":"https:\/\/armstrongyregion.com.ar\/diario\/dos-ciclistas-realizan-una-larga-travesia-y-destinaron-un-merecido-descanso-en-armstrong\/","title":{"rendered":"Dos ciclistas realizan una larga traves\u00eda y destinaron un merecido descanso en Armstrong."},"content":{"rendered":"<p><a href=\"http:\/\/armstrongyregion.com.ar\/diario\/wp-content\/uploads\/2015\/03\/ciclistas-de-tandil-038.jpg\"><img loading=\"lazy\" decoding=\"async\" class=\"alignnone size-medium wp-image-1246\" src=\"http:\/\/armstrongyregion.com.ar\/diario\/wp-content\/uploads\/2015\/03\/ciclistas-de-tandil-038-300x201.jpg\" alt=\"ciclistas de tandil \" width=\"300\" height=\"201\" srcset=\"https:\/\/armstrongyregion.com.ar\/diario\/wp-content\/uploads\/2015\/03\/ciclistas-de-tandil-038-300x201.jpg 300w, https:\/\/armstrongyregion.com.ar\/diario\/wp-content\/uploads\/2015\/03\/ciclistas-de-tandil-038.jpg 745w\" sizes=\"auto, (max-width: 300px) 100vw, 300px\" \/><\/a>En la Plaza San Mart\u00edn, ciclistas ellos, que tuvieron la idea de recorrer las rutas argentinas y llegar a Chile, siendo Cuba su \u00faltimo destino, estaban descansando Pedro Guevara y su compa\u00f1ero de ruta Ferm\u00edn Lagos.<br \/>\nLos ciclistas salieron de Tandil a fines del a\u00f1o pasado, luego de terminar su carrera de Lic. en Relaciones Internacionales.<br \/>\nDurante los meses de verano estuvieron en San Jose, localidad cercana a Colon, Entre R\u00edos, donde se desempe\u00f1aron como guardavidas.<br \/>\nDesde hace una semana reanudaron su viaje, realizando entre 80 a 100 km por d\u00eda, aloj\u00e1ndose en diferentes lugares, restaurantes, cuarteles de bomberos, casas de familia, etc.<br \/>\nPedro Juan Guevara, nacido en Necochea que adem\u00e1s de guardavida y ciclista es m\u00fasico y Ferm\u00edn Lagos nacido en Tandil, ambos tienen un blog llamado CRONICA DE UN VIAJE ANUNCIADO, donde cuentan sus vivencias, historias y recuerdos de esta traves\u00eda.<\/p>\n","protected":false},"excerpt":{"rendered":"<p>En la Plaza San Mart\u00edn, ciclistas ellos, que tuvieron la idea de recorrer las rutas argentinas y llegar a Chile, siendo Cuba su \u00faltimo destino, estaban descansando Pedro Guevara y su compa\u00f1ero de ruta Ferm\u00edn Lagos. Los ciclistas salieron de Tandil a fines del a\u00f1o pasado, luego de terminar su carrera de Lic. en Relaciones <a href=\"https:\/\/armstrongyregion.com.ar\/diario\/dos-ciclistas-realizan-una-larga-travesia-y-destinaron-un-merecido-descanso-en-armstrong\/\" title=\"Read more\" >&#8230;<\/a><\/p>\n","protected":false},"author":2,"featured_media":1246,"comment_status":"open","ping_status":"open","sticky":false,"template":"","format":"standard","meta":{"_jetpack_memberships_contains_paid_content":false,"footnotes":"","jetpack_publicize_message":"","jetpack_publicize_feature_enabled":true,"jetpack_social_post_already_shared":false,"jetpack_social_options":{"image_generator_settings":{"template":"highway","default_image_id":0,"enabled":false},"version":2}},"categories":[5,1,2,4],"tags":[20,1093,1098,1096,831,15,1095,1097,1094,719,192,103,13],"class_list":["post-1245","post","type-post","status-publish","format-standard","has-post-thumbnail","hentry","category-deportes","category-diario-armstrong","category-locales","category-prevencion-salud","tag-armstrong","tag-ciclistas","tag-descanso","tag-destinaron","tag-dos","tag-en","tag-larga","tag-merecido","tag-realizan","tag-travesia","tag-un","tag-una","tag-y"],"jetpack_publicize_connections":[],"jetpack_featured_media_url":"https:\/\/armstrongyregion.com.ar\/diario\/wp-content\/uploads\/2015\/03\/ciclistas-de-tandil-038.jpg","jetpack_shortlink":"https:\/\/wp.me\/p62QDO-k5","jetpack_sharing_enabled":true,"amp_enabled":true,"_links":{"self":[{"href":"https:\/\/armstrongyregion.com.ar\/diario\/wp-json\/wp\/v2\/posts\/1245","targetHints":{"allow":["GET"]}}],"collection":[{"href":"https:\/\/armstrongyregion.com.ar\/diario\/wp-json\/wp\/v2\/posts"}],"about":[{"href":"https:\/\/armstrongyregion.com.ar\/diario\/wp-json\/wp\/v2\/types\/post"}],"author":[{"embeddable":true,"href":"https:\/\/armstrongyregion.com.ar\/diario\/wp-json\/wp\/v2\/users\/2"}],"replies":[{"embeddable":true,"href":"https:\/\/armstrongyregion.com.ar\/diario\/wp-json\/wp\/v2\/comments?post=1245"}],"version-history":[{"count":0,"href":"https:\/\/armstrongyregion.com.ar\/diario\/wp-json\/wp\/v2\/posts\/1245\/revisions"}],"wp:featuredmedia":[{"embeddable":true,"href":"https:\/\/armstrongyregion.com.ar\/diario\/wp-json\/wp\/v2\/media\/1246"}],"wp:attachment":[{"href":"https:\/\/armstrongyregion.com.ar\/diario\/wp-json\/wp\/v2\/media?parent=1245"}],"wp:term":[{"taxonomy":"category","embeddable":true,"href":"https:\/\/armstrongyregion.com.ar\/diario\/wp-json\/wp\/v2\/categories?post=1245"},{"taxonomy":"post_tag","embeddable":true,"href":"https:\/\/armstrongyregion.com.ar\/diario\/wp-json\/wp\/v2\/tags?post=1245"}],"curies":[{"name":"wp","href":"https:\/\/api.w.org\/{rel}","templated":true}]}}