{"id":1242,"date":"2015-03-09T16:52:56","date_gmt":"2015-03-09T16:52:56","guid":{"rendered":"https:\/\/armstrongyregion.com.ar\/diario\/?p=1242"},"modified":"2015-03-09T16:52:56","modified_gmt":"2015-03-09T16:52:56","slug":"eduardo-buzzi-en-canada-de-gomez-y-armstrong","status":"publish","type":"post","link":"https:\/\/armstrongyregion.com.ar\/diario\/eduardo-buzzi-en-canada-de-gomez-y-armstrong\/","title":{"rendered":"Eduardo Buzzi en Ca\u00f1ada de G\u00f3mez y Armstrong."},"content":{"rendered":"<p><a href=\"http:\/\/armstrongyregion.com.ar\/diario\/wp-content\/uploads\/2015\/03\/deliberando-5-020.jpg\"><img loading=\"lazy\" decoding=\"async\" class=\"alignnone size-medium wp-image-1243\" src=\"http:\/\/armstrongyregion.com.ar\/diario\/wp-content\/uploads\/2015\/03\/deliberando-5-020-300x200.jpg\" alt=\"deliberando Eduardo Buzzi\" width=\"300\" height=\"200\" srcset=\"https:\/\/armstrongyregion.com.ar\/diario\/wp-content\/uploads\/2015\/03\/deliberando-5-020-300x200.jpg 300w, https:\/\/armstrongyregion.com.ar\/diario\/wp-content\/uploads\/2015\/03\/deliberando-5-020.jpg 750w\" sizes=\"auto, (max-width: 300px) 100vw, 300px\" \/><\/a>\u201cSalimos a interpelar a la sociedad santafesina\u201d<\/p>\n<p>El precandidato a gobernador por el Frente Renovador, Eduardo Buzzi, visit\u00f3 el pasado viernes las ciudades de Ca\u00f1ada de G\u00f3mez y Armstrong, en el marco de la campa\u00f1a electoral del pr\u00f3ximo 19 de abril.<br \/>\n\u201cVamos a abordar las cuestiones que la gente quiere que se resuelvan\u201d. Declar\u00f3, y puntualiz\u00f3: \u201cpoder andar tranquilo por la calle, por eso nos acompa\u00f1a Mariano Savia ex jefe de polic\u00eda; la producci\u00f3n, por una econom\u00eda con competitividad; y racionalidad en el gasto p\u00fablico, en la administraci\u00f3n de los recursos de la provincia\u201d.<br \/>\nApart\u00e1ndose de la l\u00f3gica descalificadora, el ex presidente de FAA se comprometi\u00f3 a proponer soluciones comunes para un electorado que no se siente representado.<br \/>\nRa\u00fal Ponzio se refiri\u00f3 al proyecto del Frente Renovador en Santa Fe como \u201cuna gran avenida del medio\u201d al declarar que configuran la \u00fanica opci\u00f3n clara y distinta, de \u201cmatriz plural\u201d.<br \/>\n\u201cAnte la invitaci\u00f3n de un grupo de amigos he decidido acompa\u00f1ar y participar en una idea de trabajo con el objetivo de traer a la arena pol\u00edtica lo que venimos desarrollando dentro de Federaci\u00f3n Agraria\u201d, concluy\u00f3 Rezz\u00f3nico.<br \/>\nLo acompa\u00f1aron Ra\u00fal Ponzio, quien lo escolta en la f\u00f3rmula, el precandidato a senador por el departamento de Iriondo Juan Carlos Rezz\u00f3nico, los precandidatos a senador y senador suplente del departamento Belgrano, el precandidato a concejal Roberto Gar\u00edn, Silvia Belfiori, Ricardo Jaime, trabajador municipal, as\u00ed como otros dirigentes gremiales, periodistas y vecinos.<\/p>\n","protected":false},"excerpt":{"rendered":"<p>\u201cSalimos a interpelar a la sociedad santafesina\u201d El precandidato a gobernador por el Frente Renovador, Eduardo Buzzi, visit\u00f3 el pasado viernes las ciudades de Ca\u00f1ada de G\u00f3mez y Armstrong, en el marco de la campa\u00f1a electoral del pr\u00f3ximo 19 de abril. \u201cVamos a abordar las cuestiones que la gente quiere que se resuelvan\u201d. Declar\u00f3, y <a href=\"https:\/\/armstrongyregion.com.ar\/diario\/eduardo-buzzi-en-canada-de-gomez-y-armstrong\/\" title=\"Read more\" >&#8230;<\/a><\/p>\n","protected":false},"author":2,"featured_media":1243,"comment_status":"open","ping_status":"open","sticky":false,"template":"","format":"standard","meta":{"_jetpack_memberships_contains_paid_content":false,"footnotes":"","jetpack_publicize_message":"","jetpack_publicize_feature_enabled":true,"jetpack_social_post_already_shared":false,"jetpack_social_options":{"image_generator_settings":{"template":"highway","default_image_id":0,"enabled":false},"version":2}},"categories":[5,1,2,7],"tags":[20,1092,163,19,1091,15,164,13],"class_list":["post-1242","post","type-post","status-publish","format-standard","has-post-thumbnail","hentry","category-deportes","category-diario-armstrong","category-locales","category-politica","tag-armstrong","tag-buzzi","tag-canada","tag-de","tag-eduardo","tag-en","tag-gomez","tag-y"],"jetpack_publicize_connections":[],"jetpack_featured_media_url":"https:\/\/armstrongyregion.com.ar\/diario\/wp-content\/uploads\/2015\/03\/deliberando-5-020.jpg","jetpack_shortlink":"https:\/\/wp.me\/p62QDO-k2","jetpack_sharing_enabled":true,"amp_enabled":true,"_links":{"self":[{"href":"https:\/\/armstrongyregion.com.ar\/diario\/wp-json\/wp\/v2\/posts\/1242","targetHints":{"allow":["GET"]}}],"collection":[{"href":"https:\/\/armstrongyregion.com.ar\/diario\/wp-json\/wp\/v2\/posts"}],"about":[{"href":"https:\/\/armstrongyregion.com.ar\/diario\/wp-json\/wp\/v2\/types\/post"}],"author":[{"embeddable":true,"href":"https:\/\/armstrongyregion.com.ar\/diario\/wp-json\/wp\/v2\/users\/2"}],"replies":[{"embeddable":true,"href":"https:\/\/armstrongyregion.com.ar\/diario\/wp-json\/wp\/v2\/comments?post=1242"}],"version-history":[{"count":0,"href":"https:\/\/armstrongyregion.com.ar\/diario\/wp-json\/wp\/v2\/posts\/1242\/revisions"}],"wp:featuredmedia":[{"embeddable":true,"href":"https:\/\/armstrongyregion.com.ar\/diario\/wp-json\/wp\/v2\/media\/1243"}],"wp:attachment":[{"href":"https:\/\/armstrongyregion.com.ar\/diario\/wp-json\/wp\/v2\/media?parent=1242"}],"wp:term":[{"taxonomy":"category","embeddable":true,"href":"https:\/\/armstrongyregion.com.ar\/diario\/wp-json\/wp\/v2\/categories?post=1242"},{"taxonomy":"post_tag","embeddable":true,"href":"https:\/\/armstrongyregion.com.ar\/diario\/wp-json\/wp\/v2\/tags?post=1242"}],"curies":[{"name":"wp","href":"https:\/\/api.w.org\/{rel}","templated":true}]}}