{"id":12408,"date":"2017-04-07T11:37:26","date_gmt":"2017-04-07T11:37:26","guid":{"rendered":"https:\/\/armstrongyregion.com.ar\/diario\/?p=12408"},"modified":"2017-04-07T11:37:26","modified_gmt":"2017-04-07T11:37:26","slug":"las-rosas-sede-del-pre-congreso-latinoamericano-de-ninez-adolescencia-y-familia","status":"publish","type":"post","link":"https:\/\/armstrongyregion.com.ar\/diario\/las-rosas-sede-del-pre-congreso-latinoamericano-de-ninez-adolescencia-y-familia\/","title":{"rendered":"Las Rosas: sede del Pre congreso Latinoamericano de Ni\u00f1ez, Adolescencia y Familia."},"content":{"rendered":"<p><a href=\"http:\/\/armstrongyregion.com.ar\/diario\/wp-content\/uploads\/2016\/11\/DSC_0146.jpg\"><img loading=\"lazy\" decoding=\"async\" class=\"alignnone size-medium wp-image-10293\" src=\"http:\/\/armstrongyregion.com.ar\/diario\/wp-content\/uploads\/2016\/11\/DSC_0146-300x200.jpg\" alt=\"Julieta-Finos-\" width=\"300\" height=\"200\" srcset=\"https:\/\/armstrongyregion.com.ar\/diario\/wp-content\/uploads\/2016\/11\/DSC_0146-300x200.jpg 300w, https:\/\/armstrongyregion.com.ar\/diario\/wp-content\/uploads\/2016\/11\/DSC_0146-1024x683.jpg 1024w\" sizes=\"auto, (max-width: 300px) 100vw, 300px\" \/><\/a>La Sub Comisario Julieta Fin\u00f3s inform\u00f3 que el importante evento tendr\u00e1 lugar en nuestra ciudad durante el mes de junio del corriente a\u00f1o.<\/p>\n<p>El Pre Congreso Latinoamericano de Ni\u00f1ez, Adolescencia y Familia Provincia de Santa Fe, que se desarroll\u00f3 el a\u00f1o pasado en Rosario, y durante 2015 en la ciudad de Santa Fe, se realizar\u00e1 durante junio de 2017 en la ciudad de Las Rosas. Es preparatorio para el <a href=\"http:\/\/9congresochile.alatinoamericana-naf.com\/\" target=\"_blank\" rel=\"noopener noreferrer\">IX Congreso Latinoamericano de Ni\u00f1ez Adolescencia y Familia,<\/a><strong>\u00a0que tendr\u00e1 lugar en Vi\u00f1a del Mar (Chile) del \u00a06 al 8 de noviembre de este a\u00f1o.<\/strong><\/p>\n<p>Los ejes tem\u00e1ticos ser\u00e1n:<br \/>\n1.- Derechos Humanos, Pol\u00edticas p\u00fablicas y legislativas respecto de derechos humanos de ni\u00f1os, ni\u00f1as, adolescentes y j\u00f3venes.: Salud Embarazo adolescente. \u00a0Educaci\u00f3n. Protecci\u00f3n Integral .<br \/>\n2.- Derecho de Familia y Derecho Procesal de Familia.<br \/>\n3.- Justicia Juvenil: adolescentes infractores<br \/>\n4.- Violencia de g\u00e9nero, parental, entre pares, familiar, social e institucional. Suicidio adolescente<\/p>\n<p>El encuentro es destinado a todo tipo de profesionales relacionados con la tem\u00e1tica, y abierto a todo p\u00fablico interesado.<\/p>\n<p><strong>Violencia de g\u00e9nero.<\/strong> En Las Rosas los \u00edndices est\u00e1n bajando, estim\u00e1ndose que eso se debe a mejor\u00a0control y una mayor cercan\u00eda con las instituciones encargadas de la aplicaci\u00f3n de los leyes.<\/p>\n<p>Las Rosas Digital.<\/p>\n","protected":false},"excerpt":{"rendered":"<p>La Sub Comisario Julieta Fin\u00f3s inform\u00f3 que el importante evento tendr\u00e1 lugar en nuestra ciudad durante el mes de junio del corriente a\u00f1o. El Pre Congreso Latinoamericano de Ni\u00f1ez, Adolescencia y Familia Provincia de Santa Fe, que se desarroll\u00f3 el a\u00f1o pasado en Rosario, y durante 2015 en la ciudad de Santa Fe, se realizar\u00e1 <a href=\"https:\/\/armstrongyregion.com.ar\/diario\/las-rosas-sede-del-pre-congreso-latinoamericano-de-ninez-adolescencia-y-familia\/\" title=\"Read more\" >&#8230;<\/a><\/p>\n","protected":false},"author":1,"featured_media":10293,"comment_status":"open","ping_status":"open","sticky":false,"template":"","format":"standard","meta":{"_jetpack_memberships_contains_paid_content":false,"footnotes":"","jetpack_publicize_message":"","jetpack_publicize_feature_enabled":true,"jetpack_social_post_already_shared":false,"jetpack_social_options":{"image_generator_settings":{"template":"highway","default_image_id":0,"enabled":false},"version":2}},"categories":[1,2,3],"tags":[5265,5264],"class_list":["post-12408","post","type-post","status-publish","format-standard","has-post-thumbnail","hentry","category-diario-armstrong","category-locales","category-region","tag-adolescencia-y-familia","tag-las-rosas-sede-del-pre-congreso-latinoamericano-de-ninez"],"jetpack_publicize_connections":[],"jetpack_featured_media_url":"https:\/\/armstrongyregion.com.ar\/diario\/wp-content\/uploads\/2016\/11\/DSC_0146.jpg","jetpack_shortlink":"https:\/\/wp.me\/p62QDO-3e8","jetpack_sharing_enabled":true,"amp_enabled":true,"_links":{"self":[{"href":"https:\/\/armstrongyregion.com.ar\/diario\/wp-json\/wp\/v2\/posts\/12408","targetHints":{"allow":["GET"]}}],"collection":[{"href":"https:\/\/armstrongyregion.com.ar\/diario\/wp-json\/wp\/v2\/posts"}],"about":[{"href":"https:\/\/armstrongyregion.com.ar\/diario\/wp-json\/wp\/v2\/types\/post"}],"author":[{"embeddable":true,"href":"https:\/\/armstrongyregion.com.ar\/diario\/wp-json\/wp\/v2\/users\/1"}],"replies":[{"embeddable":true,"href":"https:\/\/armstrongyregion.com.ar\/diario\/wp-json\/wp\/v2\/comments?post=12408"}],"version-history":[{"count":0,"href":"https:\/\/armstrongyregion.com.ar\/diario\/wp-json\/wp\/v2\/posts\/12408\/revisions"}],"wp:featuredmedia":[{"embeddable":true,"href":"https:\/\/armstrongyregion.com.ar\/diario\/wp-json\/wp\/v2\/media\/10293"}],"wp:attachment":[{"href":"https:\/\/armstrongyregion.com.ar\/diario\/wp-json\/wp\/v2\/media?parent=12408"}],"wp:term":[{"taxonomy":"category","embeddable":true,"href":"https:\/\/armstrongyregion.com.ar\/diario\/wp-json\/wp\/v2\/categories?post=12408"},{"taxonomy":"post_tag","embeddable":true,"href":"https:\/\/armstrongyregion.com.ar\/diario\/wp-json\/wp\/v2\/tags?post=12408"}],"curies":[{"name":"wp","href":"https:\/\/api.w.org\/{rel}","templated":true}]}}