{"id":12382,"date":"2017-04-06T14:33:14","date_gmt":"2017-04-06T14:33:14","guid":{"rendered":"https:\/\/armstrongyregion.com.ar\/diario\/?p=12382"},"modified":"2017-04-06T20:58:49","modified_gmt":"2017-04-06T20:58:49","slug":"paro-en-armstrong-el-acatamiento-es-casi-total","status":"publish","type":"post","link":"https:\/\/armstrongyregion.com.ar\/diario\/paro-en-armstrong-el-acatamiento-es-casi-total\/","title":{"rendered":"Paro en Armstrong, el acatamiento es casi total."},"content":{"rendered":"<p><a href=\"http:\/\/armstrongyregion.com.ar\/diario\/wp-content\/uploads\/2017\/04\/UOM-Area-.jpg\"><img loading=\"lazy\" decoding=\"async\" class=\"alignnone size-medium wp-image-12383\" src=\"http:\/\/armstrongyregion.com.ar\/diario\/wp-content\/uploads\/2017\/04\/UOM-Area--300x168.jpg\" alt=\"UOM-Area-\" width=\"300\" height=\"168\" srcset=\"https:\/\/armstrongyregion.com.ar\/diario\/wp-content\/uploads\/2017\/04\/UOM-Area--300x168.jpg 300w, https:\/\/armstrongyregion.com.ar\/diario\/wp-content\/uploads\/2017\/04\/UOM-Area-.jpg 960w\" sizes=\"auto, (max-width: 300px) 100vw, 300px\" \/><\/a>Lo dijo Daniel Mart\u00ednez, Secretario General UOM seccional Ca\u00f1ada de G\u00f3mez. \u201cEn Armstrong, el paro ha tenido un alto acatamiento, hemos tenido colaboraci\u00f3n por parte de los trabajadores y de los empresarios en su mayor\u00eda, ya que algunos le han metido presi\u00f3n a sus trabajadores. Sabiendo que los perjudica, porque si el d\u00eda de ma\u00f1ana \u00a0somos damnificados en la obra social la clase trabajadora lo va a sufrir. Nosotros jam\u00e1s vamos a confrontar con los trabajadores, hoy estamos luchando por un futuro mejor para ellos\u201d.<\/p>\n<p>El Sindicalista agreg\u00f3: \u201cCuando el obrero llega al \u00e1rea industrial nosotros tratamos de concientizarlo, sabemos que est\u00e1n denostando la clase sindical y no es as\u00ed. En ning\u00fan momento como dicen por ah\u00ed es un paro pol\u00edtico, solamente luchamos por nuestros trabajadores, solamente queremos que cambien las medidas econ\u00f3micas, nos perjudican a los que menos ingresos tenemos. Si la industria anda bien les va bien a los trabajadores\u201d.<\/p>\n<p>Daniel Mart\u00ednez finaliz\u00f3: \u201cNosotros no amedrentamos a nadie, nosotros tratamos de dialogar y queremos que nos acompa\u00f1en sino los perjudicados seremos todos, la industria y los trabajadores\u201d.<\/p>\n","protected":false},"excerpt":{"rendered":"<p>Lo dijo Daniel Mart\u00ednez, Secretario General UOM seccional Ca\u00f1ada de G\u00f3mez. \u201cEn Armstrong, el paro ha tenido un alto acatamiento, hemos tenido colaboraci\u00f3n por parte de los trabajadores y de los empresarios en su mayor\u00eda, ya que algunos le han metido presi\u00f3n a sus trabajadores. Sabiendo que los perjudica, porque si el d\u00eda de ma\u00f1ana <a href=\"https:\/\/armstrongyregion.com.ar\/diario\/paro-en-armstrong-el-acatamiento-es-casi-total\/\" title=\"Read more\" >&#8230;<\/a><\/p>\n","protected":false},"author":1,"featured_media":12383,"comment_status":"open","ping_status":"open","sticky":false,"template":"","format":"standard","meta":{"_jetpack_memberships_contains_paid_content":false,"footnotes":"","jetpack_publicize_message":"","jetpack_publicize_feature_enabled":true,"jetpack_social_post_already_shared":false,"jetpack_social_options":{"image_generator_settings":{"template":"highway","default_image_id":0,"enabled":false},"version":2}},"categories":[1,2,7],"tags":[5260,5259,388,13],"class_list":["post-12382","post","type-post","status-publish","format-standard","has-post-thumbnail","hentry","category-diario-armstrong","category-locales","category-politica","tag-el-acatamiento-es-casi-total-armstrong","tag-paro-en-armstrong","tag-region-2","tag-y"],"jetpack_publicize_connections":[],"jetpack_featured_media_url":"https:\/\/armstrongyregion.com.ar\/diario\/wp-content\/uploads\/2017\/04\/UOM-Area-.jpg","jetpack_shortlink":"https:\/\/wp.me\/p62QDO-3dI","jetpack_sharing_enabled":true,"amp_enabled":true,"_links":{"self":[{"href":"https:\/\/armstrongyregion.com.ar\/diario\/wp-json\/wp\/v2\/posts\/12382","targetHints":{"allow":["GET"]}}],"collection":[{"href":"https:\/\/armstrongyregion.com.ar\/diario\/wp-json\/wp\/v2\/posts"}],"about":[{"href":"https:\/\/armstrongyregion.com.ar\/diario\/wp-json\/wp\/v2\/types\/post"}],"author":[{"embeddable":true,"href":"https:\/\/armstrongyregion.com.ar\/diario\/wp-json\/wp\/v2\/users\/1"}],"replies":[{"embeddable":true,"href":"https:\/\/armstrongyregion.com.ar\/diario\/wp-json\/wp\/v2\/comments?post=12382"}],"version-history":[{"count":0,"href":"https:\/\/armstrongyregion.com.ar\/diario\/wp-json\/wp\/v2\/posts\/12382\/revisions"}],"wp:featuredmedia":[{"embeddable":true,"href":"https:\/\/armstrongyregion.com.ar\/diario\/wp-json\/wp\/v2\/media\/12383"}],"wp:attachment":[{"href":"https:\/\/armstrongyregion.com.ar\/diario\/wp-json\/wp\/v2\/media?parent=12382"}],"wp:term":[{"taxonomy":"category","embeddable":true,"href":"https:\/\/armstrongyregion.com.ar\/diario\/wp-json\/wp\/v2\/categories?post=12382"},{"taxonomy":"post_tag","embeddable":true,"href":"https:\/\/armstrongyregion.com.ar\/diario\/wp-json\/wp\/v2\/tags?post=12382"}],"curies":[{"name":"wp","href":"https:\/\/api.w.org\/{rel}","templated":true}]}}