{"id":12324,"date":"2017-04-03T16:00:30","date_gmt":"2017-04-03T16:00:30","guid":{"rendered":"https:\/\/armstrongyregion.com.ar\/diario\/?p=12324"},"modified":"2017-04-03T16:00:30","modified_gmt":"2017-04-03T16:00:30","slug":"armstrong-convocatoria-para-artistas-locales","status":"publish","type":"post","link":"https:\/\/armstrongyregion.com.ar\/diario\/armstrong-convocatoria-para-artistas-locales\/","title":{"rendered":"Armstrong. Convocatoria para artistas locales."},"content":{"rendered":"<p><a href=\"http:\/\/armstrongyregion.com.ar\/diario\/wp-content\/uploads\/2017\/04\/las-cosas-del-querer-armstrong.jpg\"><img loading=\"lazy\" decoding=\"async\" class=\"alignnone size-medium wp-image-12325\" src=\"http:\/\/armstrongyregion.com.ar\/diario\/wp-content\/uploads\/2017\/04\/las-cosas-del-querer-armstrong-300x210.jpg\" alt=\"las cosas del querer armstrong\" width=\"300\" height=\"210\" srcset=\"https:\/\/armstrongyregion.com.ar\/diario\/wp-content\/uploads\/2017\/04\/las-cosas-del-querer-armstrong-300x210.jpg 300w, https:\/\/armstrongyregion.com.ar\/diario\/wp-content\/uploads\/2017\/04\/las-cosas-del-querer-armstrong.jpg 768w\" sizes=\"auto, (max-width: 300px) 100vw, 300px\" \/><\/a>El Gobierno de Santa Fe junto a la Municipalidad de Armstrong convocan a artistas locales \u00a0para el evento denominado \u201cLas Cosas del Querer\u201d que se realizar\u00e1 el domingo 9 de abril \u00a0desde las 15 hs. en el predio Bracito Fuerte.<\/p>\n<p>\u00abLas Cosas del Querer\u00bb forma parte de la etapa del \u201cdespu\u00e9s\u201d que sigue a los encuentros del \u00abQuerer Creer Crear \u2013 Culturas en movimiento\u00bb, Programa que desde 2012 lleva adelante el Ministerio de Innovaci\u00f3n y Cultura y que luego regres\u00f3 a la ciudad con \u201cLa Pe\u00f1a del Querer\u201d.<\/p>\n<p>En este tercer arribo la convocatoria es para cantantes, solistas \u00f3 grupos, y bailarines, solistas, parejas o grupos.<\/p>\n<p>La entrada es libre y gratuita, habr\u00e1 servicio de buffet, estaciones con juegos, y se presentar\u00e1 la Feria Sabores y Colores Locales.<\/p>\n<p>Los artistas interesados en participar podr\u00e1n informarse e inscribirse en la Secretar\u00eda de Educaci\u00f3n, Cultura y Deporte de lunes a viernes de 7 a 13 hs., tel\u00e9fonos 461326\/461204 interno 107.<\/p>\n<p>&nbsp;<\/p>\n","protected":false},"excerpt":{"rendered":"<p>El Gobierno de Santa Fe junto a la Municipalidad de Armstrong convocan a artistas locales \u00a0para el evento denominado \u201cLas Cosas del Querer\u201d que se realizar\u00e1 el domingo 9 de abril \u00a0desde las 15 hs. en el predio Bracito Fuerte. \u00abLas Cosas del Querer\u00bb forma parte de la etapa del \u201cdespu\u00e9s\u201d que sigue a los <a href=\"https:\/\/armstrongyregion.com.ar\/diario\/armstrong-convocatoria-para-artistas-locales\/\" title=\"Read more\" >&#8230;<\/a><\/p>\n","protected":false},"author":1,"featured_media":12325,"comment_status":"open","ping_status":"open","sticky":false,"template":"","format":"standard","meta":{"_jetpack_memberships_contains_paid_content":false,"footnotes":"","jetpack_publicize_message":"","jetpack_publicize_feature_enabled":true,"jetpack_social_post_already_shared":false,"jetpack_social_options":{"image_generator_settings":{"template":"highway","default_image_id":0,"enabled":false},"version":2}},"categories":[6,1,2],"tags":[20,5243,388,13],"class_list":["post-12324","post","type-post","status-publish","format-standard","has-post-thumbnail","hentry","category-cultura-entretenimiento","category-diario-armstrong","category-locales","tag-armstrong","tag-armstrong-convocatoria-para-artistas-locales","tag-region-2","tag-y"],"jetpack_publicize_connections":[],"jetpack_featured_media_url":"https:\/\/armstrongyregion.com.ar\/diario\/wp-content\/uploads\/2017\/04\/las-cosas-del-querer-armstrong.jpg","jetpack_shortlink":"https:\/\/wp.me\/p62QDO-3cM","jetpack_sharing_enabled":true,"amp_enabled":true,"_links":{"self":[{"href":"https:\/\/armstrongyregion.com.ar\/diario\/wp-json\/wp\/v2\/posts\/12324","targetHints":{"allow":["GET"]}}],"collection":[{"href":"https:\/\/armstrongyregion.com.ar\/diario\/wp-json\/wp\/v2\/posts"}],"about":[{"href":"https:\/\/armstrongyregion.com.ar\/diario\/wp-json\/wp\/v2\/types\/post"}],"author":[{"embeddable":true,"href":"https:\/\/armstrongyregion.com.ar\/diario\/wp-json\/wp\/v2\/users\/1"}],"replies":[{"embeddable":true,"href":"https:\/\/armstrongyregion.com.ar\/diario\/wp-json\/wp\/v2\/comments?post=12324"}],"version-history":[{"count":0,"href":"https:\/\/armstrongyregion.com.ar\/diario\/wp-json\/wp\/v2\/posts\/12324\/revisions"}],"wp:featuredmedia":[{"embeddable":true,"href":"https:\/\/armstrongyregion.com.ar\/diario\/wp-json\/wp\/v2\/media\/12325"}],"wp:attachment":[{"href":"https:\/\/armstrongyregion.com.ar\/diario\/wp-json\/wp\/v2\/media?parent=12324"}],"wp:term":[{"taxonomy":"category","embeddable":true,"href":"https:\/\/armstrongyregion.com.ar\/diario\/wp-json\/wp\/v2\/categories?post=12324"},{"taxonomy":"post_tag","embeddable":true,"href":"https:\/\/armstrongyregion.com.ar\/diario\/wp-json\/wp\/v2\/tags?post=12324"}],"curies":[{"name":"wp","href":"https:\/\/api.w.org\/{rel}","templated":true}]}}