{"id":12308,"date":"2017-04-02T23:30:39","date_gmt":"2017-04-02T23:30:39","guid":{"rendered":"https:\/\/armstrongyregion.com.ar\/diario\/?p=12308"},"modified":"2017-04-02T23:30:39","modified_gmt":"2017-04-02T23:30:39","slug":"santa-fe-por-los-paros-las-clases-terminaran-el-22-de-diciembre","status":"publish","type":"post","link":"https:\/\/armstrongyregion.com.ar\/diario\/santa-fe-por-los-paros-las-clases-terminaran-el-22-de-diciembre\/","title":{"rendered":"Santa Fe: por los paros las clases terminar\u00e1n el 22 de diciembre."},"content":{"rendered":"<p><a href=\"http:\/\/armstrongyregion.com.ar\/diario\/wp-content\/uploads\/2017\/04\/Balague-.jpg\"><img loading=\"lazy\" decoding=\"async\" class=\"alignnone size-medium wp-image-12309\" src=\"http:\/\/armstrongyregion.com.ar\/diario\/wp-content\/uploads\/2017\/04\/Balague--300x169.jpg\" alt=\"Balague-Armstrong,y,Region,\" width=\"300\" height=\"169\" srcset=\"https:\/\/armstrongyregion.com.ar\/diario\/wp-content\/uploads\/2017\/04\/Balague--300x169.jpg 300w, https:\/\/armstrongyregion.com.ar\/diario\/wp-content\/uploads\/2017\/04\/Balague-.jpg 768w\" sizes=\"auto, (max-width: 300px) 100vw, 300px\" \/><\/a>Lo afirm\u00f3 esta tarde la ministra de Educaci\u00f3n provincial, Claudio Balagu\u00e9, quien dijo que la pr\u00f3rroga del ciclo lectivo apunta a que los chicos recuperen los d\u00edas de clases.<\/p>\n<p>El gobierno provincial pretende prorrogar el ciclo lectivo durante este a\u00f1o para que los chicos puedan recuperar d\u00edas de clases, seg\u00fan lo anunciado esta tarde por la ministra de Educaci\u00f3n, Claudia Balagu\u00e9. <em>\u00abLas clases culminar\u00e1n el 22 de diciembre\u00bb,<\/em> detall\u00f3 la ministra en di\u00e1logo con <b>La Capital<\/b>, quien adem\u00e1s afirm\u00f3 que los ex\u00e1menes del secundario ser\u00e1n en la \u00faltima semana del a\u00f1o, entre Navidad y A\u00f1o Nuevo.\u00a0La medida apunta a que los chicos recuperen los d\u00edas de dictado de clases que perdieron debido a los paros docentes.<\/p>\n<div>Por otro lado, la ministra lament\u00f3 que los docentes no hayan aceptado la propuesta salarial del gobierno provincial, la cual fue <em>\u00abvalorada y aceptada por miles de docentes en la provincia\u00bb,<\/em> al tiempo que se\u00f1al\u00f3 que <em>\u00abes llamativo que los docentes, en algunos departamentos como el de La Capital, no hayan tenido la opci\u00f3n de votar la moci\u00f3n de aceptar. Eso ha impedido que muchos docentes no hayan podido hacerlo\u00bb.<\/em><\/div>\n<div>Posteriormente recalc\u00f3 que ese mecanismo <em>\u00abno nos parece adecuado. La ideal es que los docentes hubiesen tenido todas las opciones a la hora de votar. De hecho muchos lo han hecho en blanco y otros ni siquiera han ido a votar, puesto que menos de la mitad de los docentes de la provincia asistieron a votar\u00bb.<\/em><\/div>\n","protected":false},"excerpt":{"rendered":"<p>Lo afirm\u00f3 esta tarde la ministra de Educaci\u00f3n provincial, Claudio Balagu\u00e9, quien dijo que la pr\u00f3rroga del ciclo lectivo apunta a que los chicos recuperen los d\u00edas de clases. El gobierno provincial pretende prorrogar el ciclo lectivo durante este a\u00f1o para que los chicos puedan recuperar d\u00edas de clases, seg\u00fan lo anunciado esta tarde por <a href=\"https:\/\/armstrongyregion.com.ar\/diario\/santa-fe-por-los-paros-las-clases-terminaran-el-22-de-diciembre\/\" title=\"Read more\" >&#8230;<\/a><\/p>\n","protected":false},"author":1,"featured_media":12309,"comment_status":"open","ping_status":"open","sticky":false,"template":"","format":"standard","meta":{"_jetpack_memberships_contains_paid_content":false,"footnotes":"","jetpack_publicize_message":"","jetpack_publicize_feature_enabled":true,"jetpack_social_post_already_shared":false,"jetpack_social_options":{"image_generator_settings":{"template":"highway","default_image_id":0,"enabled":false},"version":2}},"categories":[6,1,7,3],"tags":[5238],"class_list":["post-12308","post","type-post","status-publish","format-standard","has-post-thumbnail","hentry","category-cultura-entretenimiento","category-diario-armstrong","category-politica","category-region","tag-santa-fe-por-los-paros-las-clases-terminaran-el-22-de-diciembre"],"jetpack_publicize_connections":[],"jetpack_featured_media_url":"https:\/\/armstrongyregion.com.ar\/diario\/wp-content\/uploads\/2017\/04\/Balague-.jpg","jetpack_shortlink":"https:\/\/wp.me\/p62QDO-3cw","jetpack_sharing_enabled":true,"amp_enabled":true,"_links":{"self":[{"href":"https:\/\/armstrongyregion.com.ar\/diario\/wp-json\/wp\/v2\/posts\/12308","targetHints":{"allow":["GET"]}}],"collection":[{"href":"https:\/\/armstrongyregion.com.ar\/diario\/wp-json\/wp\/v2\/posts"}],"about":[{"href":"https:\/\/armstrongyregion.com.ar\/diario\/wp-json\/wp\/v2\/types\/post"}],"author":[{"embeddable":true,"href":"https:\/\/armstrongyregion.com.ar\/diario\/wp-json\/wp\/v2\/users\/1"}],"replies":[{"embeddable":true,"href":"https:\/\/armstrongyregion.com.ar\/diario\/wp-json\/wp\/v2\/comments?post=12308"}],"version-history":[{"count":0,"href":"https:\/\/armstrongyregion.com.ar\/diario\/wp-json\/wp\/v2\/posts\/12308\/revisions"}],"wp:featuredmedia":[{"embeddable":true,"href":"https:\/\/armstrongyregion.com.ar\/diario\/wp-json\/wp\/v2\/media\/12309"}],"wp:attachment":[{"href":"https:\/\/armstrongyregion.com.ar\/diario\/wp-json\/wp\/v2\/media?parent=12308"}],"wp:term":[{"taxonomy":"category","embeddable":true,"href":"https:\/\/armstrongyregion.com.ar\/diario\/wp-json\/wp\/v2\/categories?post=12308"},{"taxonomy":"post_tag","embeddable":true,"href":"https:\/\/armstrongyregion.com.ar\/diario\/wp-json\/wp\/v2\/tags?post=12308"}],"curies":[{"name":"wp","href":"https:\/\/api.w.org\/{rel}","templated":true}]}}