{"id":12298,"date":"2017-03-31T12:08:38","date_gmt":"2017-03-31T12:08:38","guid":{"rendered":"https:\/\/armstrongyregion.com.ar\/diario\/?p=12298"},"modified":"2017-03-31T12:08:38","modified_gmt":"2017-03-31T12:08:38","slug":"el-corte-de-energia-se-debio-a-una-falla-imprevista-de-un-interruptor","status":"publish","type":"post","link":"https:\/\/armstrongyregion.com.ar\/diario\/el-corte-de-energia-se-debio-a-una-falla-imprevista-de-un-interruptor\/","title":{"rendered":"El corte de energ\u00eda se debi\u00f3 a una falla imprevista de un interruptor."},"content":{"rendered":"<p><a href=\"http:\/\/armstrongyregion.com.ar\/diario\/wp-content\/uploads\/2017\/03\/Cooperativa2.jpg\"><img loading=\"lazy\" decoding=\"async\" class=\"alignnone size-medium wp-image-12299\" src=\"http:\/\/armstrongyregion.com.ar\/diario\/wp-content\/uploads\/2017\/03\/Cooperativa2-300x168.jpg\" alt=\"Cooperativa\" width=\"300\" height=\"168\" srcset=\"https:\/\/armstrongyregion.com.ar\/diario\/wp-content\/uploads\/2017\/03\/Cooperativa2-300x168.jpg 300w, https:\/\/armstrongyregion.com.ar\/diario\/wp-content\/uploads\/2017\/03\/Cooperativa2.jpg 768w\" sizes=\"auto, (max-width: 300px) 100vw, 300px\" \/><\/a>La Coop. de Prov. de Obras y Serv. P\u00fablicos comunica que el corte de energ\u00eda de esta ma\u00f1ana se debi\u00f3 a una falla imprevista en un interruptor de la Subestaci\u00f3n transformadora. Efectuadas las maniobras de reparaci\u00f3n correspondientes, se logr\u00f3 restablecer el servicio lo m\u00e1s r\u00e1pidamente posible.<\/p>\n","protected":false},"excerpt":{"rendered":"<p>La Coop. de Prov. de Obras y Serv. P\u00fablicos comunica que el corte de energ\u00eda de esta ma\u00f1ana se debi\u00f3 a una falla imprevista en un interruptor de la Subestaci\u00f3n transformadora. Efectuadas las maniobras de reparaci\u00f3n correspondientes, se logr\u00f3 restablecer el servicio lo m\u00e1s r\u00e1pidamente posible.<\/p>\n","protected":false},"author":1,"featured_media":12299,"comment_status":"open","ping_status":"open","sticky":false,"template":"","format":"standard","meta":{"_jetpack_memberships_contains_paid_content":false,"footnotes":"","jetpack_publicize_message":"","jetpack_publicize_feature_enabled":true,"jetpack_social_post_already_shared":false,"jetpack_social_options":{"image_generator_settings":{"template":"highway","default_image_id":0,"enabled":false},"version":2}},"categories":[1,2],"tags":[5234],"class_list":["post-12298","post","type-post","status-publish","format-standard","has-post-thumbnail","hentry","category-diario-armstrong","category-locales","tag-el-corte-de-energia-se-debio-a-una-falla-imprevista-de-un-interruptor"],"jetpack_publicize_connections":[],"jetpack_featured_media_url":"https:\/\/armstrongyregion.com.ar\/diario\/wp-content\/uploads\/2017\/03\/Cooperativa2.jpg","jetpack_shortlink":"https:\/\/wp.me\/p62QDO-3cm","jetpack_sharing_enabled":true,"amp_enabled":true,"_links":{"self":[{"href":"https:\/\/armstrongyregion.com.ar\/diario\/wp-json\/wp\/v2\/posts\/12298","targetHints":{"allow":["GET"]}}],"collection":[{"href":"https:\/\/armstrongyregion.com.ar\/diario\/wp-json\/wp\/v2\/posts"}],"about":[{"href":"https:\/\/armstrongyregion.com.ar\/diario\/wp-json\/wp\/v2\/types\/post"}],"author":[{"embeddable":true,"href":"https:\/\/armstrongyregion.com.ar\/diario\/wp-json\/wp\/v2\/users\/1"}],"replies":[{"embeddable":true,"href":"https:\/\/armstrongyregion.com.ar\/diario\/wp-json\/wp\/v2\/comments?post=12298"}],"version-history":[{"count":0,"href":"https:\/\/armstrongyregion.com.ar\/diario\/wp-json\/wp\/v2\/posts\/12298\/revisions"}],"wp:featuredmedia":[{"embeddable":true,"href":"https:\/\/armstrongyregion.com.ar\/diario\/wp-json\/wp\/v2\/media\/12299"}],"wp:attachment":[{"href":"https:\/\/armstrongyregion.com.ar\/diario\/wp-json\/wp\/v2\/media?parent=12298"}],"wp:term":[{"taxonomy":"category","embeddable":true,"href":"https:\/\/armstrongyregion.com.ar\/diario\/wp-json\/wp\/v2\/categories?post=12298"},{"taxonomy":"post_tag","embeddable":true,"href":"https:\/\/armstrongyregion.com.ar\/diario\/wp-json\/wp\/v2\/tags?post=12298"}],"curies":[{"name":"wp","href":"https:\/\/api.w.org\/{rel}","templated":true}]}}