{"id":12295,"date":"2017-03-31T11:58:52","date_gmt":"2017-03-31T11:58:52","guid":{"rendered":"https:\/\/armstrongyregion.com.ar\/diario\/?p=12295"},"modified":"2017-03-31T11:58:52","modified_gmt":"2017-03-31T11:58:52","slug":"la-ministra-balague-recibio-al-dr-pablo-verdecchia","status":"publish","type":"post","link":"https:\/\/armstrongyregion.com.ar\/diario\/la-ministra-balague-recibio-al-dr-pablo-verdecchia\/","title":{"rendered":"La Ministra Balagu\u00e9 recibi\u00f3 al Dr. Pablo Verdecchia."},"content":{"rendered":"<div class=\"jsn-article-content\">\n<p><a href=\"http:\/\/armstrongyregion.com.ar\/diario\/wp-content\/uploads\/2017\/03\/REUNION-CON-MINISTRA-DE-EDUCACION.jpg\"><img loading=\"lazy\" decoding=\"async\" class=\"alignnone size-medium wp-image-12296\" src=\"http:\/\/armstrongyregion.com.ar\/diario\/wp-content\/uploads\/2017\/03\/REUNION-CON-MINISTRA-DE-EDUCACION-300x225.jpg\" alt=\"REUNION CON MINISTRA DE EDUCACION\" width=\"300\" height=\"225\" srcset=\"https:\/\/armstrongyregion.com.ar\/diario\/wp-content\/uploads\/2017\/03\/REUNION-CON-MINISTRA-DE-EDUCACION-300x225.jpg 300w, https:\/\/armstrongyregion.com.ar\/diario\/wp-content\/uploads\/2017\/03\/REUNION-CON-MINISTRA-DE-EDUCACION.jpg 768w\" sizes=\"auto, (max-width: 300px) 100vw, 300px\" \/><\/a>El pasado martes 21 de marzo la Sra. Ministra de Educaci\u00f3n de Santa Fe Claudia Balagu\u00e9 recibi\u00f3 al Intendente Municipal Dr. Pablo Verdecchia quien asisti\u00f3 al encuentro acompa\u00f1ado por su Secretaria de Educaci\u00f3n, Cultura y Deporte Prof. Rosana Siri y el Jefe de la Regi\u00f3n V Lic. Mario Ramos.<\/p>\n<p>Se trat\u00f3 de una fruct\u00edfera reuni\u00f3n donde en primer lugar la funcionaria provincial agradeci\u00f3 la predisposici\u00f3n y colaboraci\u00f3n de la Municipalidad de Armstrong \u00a0y el tema principal fue la construcci\u00f3n del edificio de la Escuela T\u00e9cnica N\u00b0 291: modalidades de avance de la obra, espacios y dem\u00e1s.<\/p>\n<p>Balagu\u00e9 inform\u00f3 que los profesionales de la Provincia que estar\u00e1n a cargo de los trabajos tienen una vasta experiencia en escuelas que se han construido durante el ciclo lectivo y muchos han sido en los mismos edificios, trasladando la menor cantidad posible de alumnos y de aulas realizando la obra por etapas, hecho que tranquiliza a las autoridades municipales y de la misma escuela por los cuidados del alumnado.<\/p>\n<p>Seg\u00fan se adelant\u00f3, en breve llegar\u00e1 a la ciudad el equipo t\u00e9cnico provincial para verificar planos donde se har\u00eda la \u00faltima revisi\u00f3n por parte de la Escuela para luego confeccionar el plano definitivo. Hasta el momento se est\u00e1 cumpliendo con los tiempos previstos.<\/p>\n<p>Adem\u00e1s, el Intendente Verdecchia le plante\u00f3 otros temas como la necesidad de nuevos cargos en las escuelas de la ciudad, m\u00e1s all\u00e1 de los asignados hasta el momento; la iniciativa de proyectar la creaci\u00f3n de otra escuela que, seg\u00fan el crecimiento demogr\u00e1fico de la comunidad y el plano urban\u00edstico, estar\u00eda ubicada en el sector sur; el Lic. Ramos destac\u00f3 frente a la Ministra que el municipio local cumple con el pago del F.A.E. en tiempo y forma, siendo un ejemplo en su Regi\u00f3n; el acompa\u00f1amiento permanente a cada una de las instituciones educativas locales; el trabajo del Gabinete Psicopedag\u00f3gico Municipal que es externo a las escuelas pero es un trabajo \u00edntimo con ellas, muy rico en cuanto a resultados; la colaboraci\u00f3n con los j\u00f3venes y sus familias desde la Mesa de Adicciones de la Secretar\u00eda de Salud y Promoci\u00f3n Comunitaria; entre otros.<\/p>\n<p>&nbsp;<\/p>\n<\/div>\n<p><span class=\"article_separator\">\u00a0<\/span><\/p>\n","protected":false},"excerpt":{"rendered":"<p>El pasado martes 21 de marzo la Sra. Ministra de Educaci\u00f3n de Santa Fe Claudia Balagu\u00e9 recibi\u00f3 al Intendente Municipal Dr. Pablo Verdecchia quien asisti\u00f3 al encuentro acompa\u00f1ado por su Secretaria de Educaci\u00f3n, Cultura y Deporte Prof. Rosana Siri y el Jefe de la Regi\u00f3n V Lic. Mario Ramos. Se trat\u00f3 de una fruct\u00edfera reuni\u00f3n <a href=\"https:\/\/armstrongyregion.com.ar\/diario\/la-ministra-balague-recibio-al-dr-pablo-verdecchia\/\" title=\"Read more\" >&#8230;<\/a><\/p>\n","protected":false},"author":1,"featured_media":12296,"comment_status":"open","ping_status":"open","sticky":false,"template":"","format":"standard","meta":{"_jetpack_memberships_contains_paid_content":false,"footnotes":"","jetpack_publicize_message":"","jetpack_publicize_feature_enabled":true,"jetpack_social_post_already_shared":false,"jetpack_social_options":{"image_generator_settings":{"template":"highway","default_image_id":0,"enabled":false},"version":2}},"categories":[6,8,1,2],"tags":[20,5233,388,13],"class_list":["post-12295","post","type-post","status-publish","format-standard","has-post-thumbnail","hentry","category-cultura-entretenimiento","category-deliberando","category-diario-armstrong","category-locales","tag-armstrong","tag-la-ministra-balague-recibio-al-dr-verdecchia","tag-region-2","tag-y"],"jetpack_publicize_connections":[],"jetpack_featured_media_url":"https:\/\/armstrongyregion.com.ar\/diario\/wp-content\/uploads\/2017\/03\/REUNION-CON-MINISTRA-DE-EDUCACION.jpg","jetpack_shortlink":"https:\/\/wp.me\/p62QDO-3cj","jetpack_sharing_enabled":true,"amp_enabled":true,"_links":{"self":[{"href":"https:\/\/armstrongyregion.com.ar\/diario\/wp-json\/wp\/v2\/posts\/12295","targetHints":{"allow":["GET"]}}],"collection":[{"href":"https:\/\/armstrongyregion.com.ar\/diario\/wp-json\/wp\/v2\/posts"}],"about":[{"href":"https:\/\/armstrongyregion.com.ar\/diario\/wp-json\/wp\/v2\/types\/post"}],"author":[{"embeddable":true,"href":"https:\/\/armstrongyregion.com.ar\/diario\/wp-json\/wp\/v2\/users\/1"}],"replies":[{"embeddable":true,"href":"https:\/\/armstrongyregion.com.ar\/diario\/wp-json\/wp\/v2\/comments?post=12295"}],"version-history":[{"count":0,"href":"https:\/\/armstrongyregion.com.ar\/diario\/wp-json\/wp\/v2\/posts\/12295\/revisions"}],"wp:featuredmedia":[{"embeddable":true,"href":"https:\/\/armstrongyregion.com.ar\/diario\/wp-json\/wp\/v2\/media\/12296"}],"wp:attachment":[{"href":"https:\/\/armstrongyregion.com.ar\/diario\/wp-json\/wp\/v2\/media?parent=12295"}],"wp:term":[{"taxonomy":"category","embeddable":true,"href":"https:\/\/armstrongyregion.com.ar\/diario\/wp-json\/wp\/v2\/categories?post=12295"},{"taxonomy":"post_tag","embeddable":true,"href":"https:\/\/armstrongyregion.com.ar\/diario\/wp-json\/wp\/v2\/tags?post=12295"}],"curies":[{"name":"wp","href":"https:\/\/api.w.org\/{rel}","templated":true}]}}