{"id":12255,"date":"2017-03-28T20:31:32","date_gmt":"2017-03-28T20:31:32","guid":{"rendered":"https:\/\/armstrongyregion.com.ar\/diario\/?p=12255"},"modified":"2017-03-28T20:31:32","modified_gmt":"2017-03-28T20:31:32","slug":"un-homenaje-a-spinetta-y-al-rock-canadense-en-el-mac","status":"publish","type":"post","link":"https:\/\/armstrongyregion.com.ar\/diario\/un-homenaje-a-spinetta-y-al-rock-canadense-en-el-mac\/","title":{"rendered":"Un Homenaje a Spinetta y al Rock Ca\u00f1adense en el MAC."},"content":{"rendered":"<p><a href=\"http:\/\/armstrongyregion.com.ar\/diario\/wp-content\/uploads\/2017\/03\/Pablo-Dito-1-.jpg\"><img loading=\"lazy\" decoding=\"async\" class=\"alignnone size-medium wp-image-12256\" src=\"http:\/\/armstrongyregion.com.ar\/diario\/wp-content\/uploads\/2017\/03\/Pablo-Dito-1--300x204.jpg\" alt=\"Pablo-Dito-1-\" width=\"300\" height=\"204\" srcset=\"https:\/\/armstrongyregion.com.ar\/diario\/wp-content\/uploads\/2017\/03\/Pablo-Dito-1--300x204.jpg 300w, https:\/\/armstrongyregion.com.ar\/diario\/wp-content\/uploads\/2017\/03\/Pablo-Dito-1-.jpg 768w\" sizes=\"auto, (max-width: 300px) 100vw, 300px\" \/><\/a>Este pr\u00f3ximo 2 de abril a partir de las 16 reabre sus puertas el Museo de Arte Ca\u00f1adense con un emotivo homenaje al Flaco Spinetta y a las bandas hist\u00f3ricas del rock ca\u00f1adense, con la presencia de grandes figuras de la m\u00fasica nacional.<\/p>\n<p>&nbsp;<\/p>\n<p>En las salas de exposici\u00f3n de nuestro Museo se podr\u00e1 disfrutar de la Muestra 35 a\u00f1os del Rock Ca\u00f1adense, realizada por Luis Manuel Giorgis, compuesta de afiches, discos, recortes gr\u00e1ficos, mechandising, letras y fotos de los comienzos y la actualidad de nuestros m\u00fasicos locales. Tambi\u00e9n podremos disfrutar de La Biblia Spinetteana, dise\u00f1ada por Jorge Kasparian.<\/p>\n<p>&nbsp;<\/p>\n<p>La literatura estar\u00e1 presente con las presentaciones de Yo toqu\u00e9 en cemento y Ricky Espinosa la biografia a cargo de su autor Sebasti\u00e1n Duarte; y El concierto del Aire, tambi\u00e9n con la presencia de su escritor Lucas Fern\u00e1ndez. Habr\u00e1 stand\u00b4s de libros de rock, remeras y calados de vinilos.<\/p>\n<p>&nbsp;<\/p>\n<p>Finalmente no faltar\u00e1 la m\u00fasica donde bandas y m\u00fasicos ca\u00f1adenses le brindar\u00e1n un homenaje a Luis Alberto Spinetta, entre los que ya dieron el presentes podemos citar a Miguel Rubele y Omar Valdez de Relax; Joaqu\u00edn Cristalli de Un\u00edsono; Fabio Tirabasso de La Lengua; Germ\u00e1n Acevedo de Perro Loco; Carlitos Verdichio, Rub\u00e9n Carrera y Juan Albertengo de Punto G; Mauro Monachessi de Sr. Hyde; Walter Crola; Luchi Giorgis; Leo Paparotti; Rolo Villagra de Te de Indio y el Peor Bajista y Chivo Pav\u00f3n de Almatroz. Con el cierre de lujo de Engranaje y la presencia de Boc\u00f3n Frascino, ex integrante de Pescado Rabioso.<\/p>\n<p>&nbsp;<\/p>\n<p>Este domingo 2 de abril, a partir de las 16,30 en el Museo de Arte Ca\u00f1adense, Bv. L\u00f3pez 920.<\/p>\n","protected":false},"excerpt":{"rendered":"<p>Este pr\u00f3ximo 2 de abril a partir de las 16 reabre sus puertas el Museo de Arte Ca\u00f1adense con un emotivo homenaje al Flaco Spinetta y a las bandas hist\u00f3ricas del rock ca\u00f1adense, con la presencia de grandes figuras de la m\u00fasica nacional. &nbsp; En las salas de exposici\u00f3n de nuestro Museo se podr\u00e1 disfrutar <a href=\"https:\/\/armstrongyregion.com.ar\/diario\/un-homenaje-a-spinetta-y-al-rock-canadense-en-el-mac\/\" title=\"Read more\" >&#8230;<\/a><\/p>\n","protected":false},"author":1,"featured_media":12256,"comment_status":"open","ping_status":"open","sticky":false,"template":"","format":"standard","meta":{"_jetpack_memberships_contains_paid_content":false,"footnotes":"","jetpack_publicize_message":"","jetpack_publicize_feature_enabled":true,"jetpack_social_post_already_shared":false,"jetpack_social_options":{"image_generator_settings":{"template":"highway","default_image_id":0,"enabled":false},"version":2}},"categories":[8,1,2,3],"tags":[20,388,5220,13],"class_list":["post-12255","post","type-post","status-publish","format-standard","has-post-thumbnail","hentry","category-deliberando","category-diario-armstrong","category-locales","category-region","tag-armstrong","tag-region-2","tag-un-homenaje-a-spinetta-y-al-rock-canadense-en-el-mac","tag-y"],"jetpack_publicize_connections":[],"jetpack_featured_media_url":"https:\/\/armstrongyregion.com.ar\/diario\/wp-content\/uploads\/2017\/03\/Pablo-Dito-1-.jpg","jetpack_shortlink":"https:\/\/wp.me\/p62QDO-3bF","jetpack_sharing_enabled":true,"amp_enabled":true,"_links":{"self":[{"href":"https:\/\/armstrongyregion.com.ar\/diario\/wp-json\/wp\/v2\/posts\/12255","targetHints":{"allow":["GET"]}}],"collection":[{"href":"https:\/\/armstrongyregion.com.ar\/diario\/wp-json\/wp\/v2\/posts"}],"about":[{"href":"https:\/\/armstrongyregion.com.ar\/diario\/wp-json\/wp\/v2\/types\/post"}],"author":[{"embeddable":true,"href":"https:\/\/armstrongyregion.com.ar\/diario\/wp-json\/wp\/v2\/users\/1"}],"replies":[{"embeddable":true,"href":"https:\/\/armstrongyregion.com.ar\/diario\/wp-json\/wp\/v2\/comments?post=12255"}],"version-history":[{"count":0,"href":"https:\/\/armstrongyregion.com.ar\/diario\/wp-json\/wp\/v2\/posts\/12255\/revisions"}],"wp:featuredmedia":[{"embeddable":true,"href":"https:\/\/armstrongyregion.com.ar\/diario\/wp-json\/wp\/v2\/media\/12256"}],"wp:attachment":[{"href":"https:\/\/armstrongyregion.com.ar\/diario\/wp-json\/wp\/v2\/media?parent=12255"}],"wp:term":[{"taxonomy":"category","embeddable":true,"href":"https:\/\/armstrongyregion.com.ar\/diario\/wp-json\/wp\/v2\/categories?post=12255"},{"taxonomy":"post_tag","embeddable":true,"href":"https:\/\/armstrongyregion.com.ar\/diario\/wp-json\/wp\/v2\/tags?post=12255"}],"curies":[{"name":"wp","href":"https:\/\/api.w.org\/{rel}","templated":true}]}}