{"id":12230,"date":"2017-03-27T12:14:16","date_gmt":"2017-03-27T12:14:16","guid":{"rendered":"https:\/\/armstrongyregion.com.ar\/diario\/?p=12230"},"modified":"2017-03-27T12:28:31","modified_gmt":"2017-03-27T12:28:31","slug":"sin-paros-docentes-santafesinos-esperan-oferta-salarial-del-gobierno","status":"publish","type":"post","link":"https:\/\/armstrongyregion.com.ar\/diario\/sin-paros-docentes-santafesinos-esperan-oferta-salarial-del-gobierno\/","title":{"rendered":"Sin paros, docentes santafesinos esperan oferta salarial del gobierno."},"content":{"rendered":"<p><a href=\"http:\/\/armstrongyregion.com.ar\/diario\/wp-content\/uploads\/2017\/03\/asambleas_mandato_ctera.jpg_1305449671.jpg\"><img loading=\"lazy\" decoding=\"async\" class=\"alignnone size-medium wp-image-12231\" src=\"http:\/\/armstrongyregion.com.ar\/diario\/wp-content\/uploads\/2017\/03\/asambleas_mandato_ctera.jpg_1305449671-300x169.jpg\" alt=\"asambleas_mandato_ctera.jpg_1305449671\" width=\"300\" height=\"169\" srcset=\"https:\/\/armstrongyregion.com.ar\/diario\/wp-content\/uploads\/2017\/03\/asambleas_mandato_ctera.jpg_1305449671-300x169.jpg 300w, https:\/\/armstrongyregion.com.ar\/diario\/wp-content\/uploads\/2017\/03\/asambleas_mandato_ctera.jpg_1305449671.jpg 847w\" sizes=\"auto, (max-width: 300px) 100vw, 300px\" \/><\/a>Esta semana el dictado de clases era normal, aunque se espera la decisi\u00f3n de Amsafe\u00a0sobre el paro del 30. Est\u00e1 previsto que hoy el Ministerio de Educaci\u00f3n formalice un 25 por ciento de aumento que, para la secretaria general de Amsaf\u00e9 y de Ctera, Sonia Alesso, \u201cest\u00e1 lejos\u201d de las pretensiones del sector.<\/p>\n<p>Empieza una semana sin paros docentes en Santa Fe, tras las medidas de fuerza realizadas sucesivamente desde el inicio lectivo. En este marco, los maestros provinciales esperan que hoy el gobierno provincial formalice una propuesta de un aumento salarial del 25 por ciento, con una cl\u00e1usula gatillo que habilita la actualizaci\u00f3n en caso de que la inflaci\u00f3n vaya m\u00e1s all\u00e1 de esa cifra. Aunque se tienen que llevar adelante reuniones de delegados tanto en Amsafe como en Sadop para que los docentes determinen si aceptan o no el ofrecimiento, la dirigencia sindical cuestiona el n\u00famero.<\/p>\n<p>En di\u00e1logo con <em>Radi\u00f3polis<\/em> (Radio 2), la secretaria general de Amsaf\u00e9 y de Ctera, Sonia Alesso, consider\u00f3 que la propuesta del gobierno \u201cest\u00e1 lejos\u201d y confi\u00f3 en la necesidad de \u201cmejorar la propuesta para destrabar el conflicto\u201d. Seg\u00fan explic\u00f3, ese porcentaje no repara \u201clo perdido en 2015 que fue de un 8, 10 por ciento y lo que va de este a\u00f1o que es un 25 o 26 por ciento\u201d.<\/p>\n<p>\u201cNada que ver con lo que plantea el gobierno\u201d, se\u00f1al\u00f3 la dirigente quien agreg\u00f3: \u201cHay una gran inc\u00f3gnita en lo que va a pasar con los tarifazos despu\u00e9s de las elecciones. Los mismos economistas, no los de la CTA o Cetera, no saben qu\u00e9 va a pasar despu\u00e9s de mitad de a\u00f1o\u201d.<\/p>\n<p>Mientras tanto, m\u00e1s all\u00e1 de lo que ocurre esta semana en territorio santafesino, no ha habido novedades en relaci\u00f3n al conflicto nacional debido a que el gobierno no llama a paritaria federal. En ese sentido, la Ctera analiza sus pr\u00f3ximos pasos teniendo en cuenta que s\u00f3lo cuatro provincias alcanzaron acuerdos salariales.<\/p>\n<p><strong>Paro del 30<\/strong><\/p>\n<p>Los titulares de las dos CTA, Pablo Micheli y Hugo Yasky respectivamente, lanzaron el pasado 14 de marzo un <a href=\"https:\/\/www.rosario3.com\/noticias\/Definen-detalles-para-el-paro-nacional-del-proximo-jueves-20170326-0026.html\" target=\"_blank\">paro nacional<\/a>para el pr\u00f3ximo jueves, pero a\u00fan no informaron c\u00f3mo ser\u00e1 la modalidad. En Rosario, el mi\u00e9rcoles y jueves no habr\u00e1 actividad en las 12 facultades de la Universidad Nacional de Rosario (UNR) ni en los tres colegios secundarios universitarios.<\/p>\n<p>Desde Amsaf\u00e9 provincial indicaron a este medio que este lunes se anunciar\u00edan las caracter\u00edsticas de adhesi\u00f3n al paro lanzado tras un encuentro que se llevar\u00e1 a cabo en la ciudad de Santa Fe. En tanto, desde Sadop aclararon que si bien acompa\u00f1an el reclamo habr\u00e1 actividad normal el pr\u00f3ximo jueves.<\/p>\n<p>Rosario3.Com<\/p>\n","protected":false},"excerpt":{"rendered":"<p>Esta semana el dictado de clases era normal, aunque se espera la decisi\u00f3n de Amsafe\u00a0sobre el paro del 30. Est\u00e1 previsto que hoy el Ministerio de Educaci\u00f3n formalice un 25 por ciento de aumento que, para la secretaria general de Amsaf\u00e9 y de Ctera, Sonia Alesso, \u201cest\u00e1 lejos\u201d de las pretensiones del sector. Empieza una <a href=\"https:\/\/armstrongyregion.com.ar\/diario\/sin-paros-docentes-santafesinos-esperan-oferta-salarial-del-gobierno\/\" title=\"Read more\" >&#8230;<\/a><\/p>\n","protected":false},"author":1,"featured_media":12231,"comment_status":"open","ping_status":"open","sticky":false,"template":"","format":"standard","meta":{"_jetpack_memberships_contains_paid_content":false,"footnotes":"","jetpack_publicize_message":"","jetpack_publicize_feature_enabled":true,"jetpack_social_post_already_shared":false,"jetpack_social_options":{"image_generator_settings":{"template":"highway","default_image_id":0,"enabled":false},"version":2}},"categories":[6,1,2,3],"tags":[20,5212,388,5211,13],"class_list":["post-12230","post","type-post","status-publish","format-standard","has-post-thumbnail","hentry","category-cultura-entretenimiento","category-diario-armstrong","category-locales","category-region","tag-armstrong","tag-docentes-santafesinos-esperan-oferta-salarial-del-gobierno","tag-region-2","tag-sin-paros","tag-y"],"jetpack_publicize_connections":[],"jetpack_featured_media_url":"https:\/\/armstrongyregion.com.ar\/diario\/wp-content\/uploads\/2017\/03\/asambleas_mandato_ctera.jpg_1305449671.jpg","jetpack_shortlink":"https:\/\/wp.me\/p62QDO-3bg","jetpack_sharing_enabled":true,"amp_enabled":true,"_links":{"self":[{"href":"https:\/\/armstrongyregion.com.ar\/diario\/wp-json\/wp\/v2\/posts\/12230","targetHints":{"allow":["GET"]}}],"collection":[{"href":"https:\/\/armstrongyregion.com.ar\/diario\/wp-json\/wp\/v2\/posts"}],"about":[{"href":"https:\/\/armstrongyregion.com.ar\/diario\/wp-json\/wp\/v2\/types\/post"}],"author":[{"embeddable":true,"href":"https:\/\/armstrongyregion.com.ar\/diario\/wp-json\/wp\/v2\/users\/1"}],"replies":[{"embeddable":true,"href":"https:\/\/armstrongyregion.com.ar\/diario\/wp-json\/wp\/v2\/comments?post=12230"}],"version-history":[{"count":0,"href":"https:\/\/armstrongyregion.com.ar\/diario\/wp-json\/wp\/v2\/posts\/12230\/revisions"}],"wp:featuredmedia":[{"embeddable":true,"href":"https:\/\/armstrongyregion.com.ar\/diario\/wp-json\/wp\/v2\/media\/12231"}],"wp:attachment":[{"href":"https:\/\/armstrongyregion.com.ar\/diario\/wp-json\/wp\/v2\/media?parent=12230"}],"wp:term":[{"taxonomy":"category","embeddable":true,"href":"https:\/\/armstrongyregion.com.ar\/diario\/wp-json\/wp\/v2\/categories?post=12230"},{"taxonomy":"post_tag","embeddable":true,"href":"https:\/\/armstrongyregion.com.ar\/diario\/wp-json\/wp\/v2\/tags?post=12230"}],"curies":[{"name":"wp","href":"https:\/\/api.w.org\/{rel}","templated":true}]}}