{"id":12227,"date":"2017-03-26T16:23:04","date_gmt":"2017-03-26T16:23:04","guid":{"rendered":"https:\/\/armstrongyregion.com.ar\/diario\/?p=12227"},"modified":"2017-03-26T16:23:04","modified_gmt":"2017-03-26T16:23:04","slug":"alerta-por-tormentas-fuertes-para-el-centro-y-sur-de-santa-fe","status":"publish","type":"post","link":"https:\/\/armstrongyregion.com.ar\/diario\/alerta-por-tormentas-fuertes-para-el-centro-y-sur-de-santa-fe\/","title":{"rendered":"Alerta por tormentas fuertes para el centro y sur de Santa Fe."},"content":{"rendered":"<div class=\"entry-single-excerpt\"><a href=\"http:\/\/armstrongyregion.com.ar\/diario\/wp-content\/uploads\/2017\/03\/Alerta-.jpg\"><img loading=\"lazy\" decoding=\"async\" class=\"alignnone size-medium wp-image-12228\" src=\"http:\/\/armstrongyregion.com.ar\/diario\/wp-content\/uploads\/2017\/03\/Alerta--300x198.jpg\" alt=\"Alerta-\" width=\"300\" height=\"198\" srcset=\"https:\/\/armstrongyregion.com.ar\/diario\/wp-content\/uploads\/2017\/03\/Alerta--300x198.jpg 300w, https:\/\/armstrongyregion.com.ar\/diario\/wp-content\/uploads\/2017\/03\/Alerta-.jpg 960w\" sizes=\"auto, (max-width: 300px) 100vw, 300px\" \/><\/a>El Servicio Meteorol\u00f3gico advierte que durante la tarde de este domingo\u00a0podr\u00edan registrarse\u00a0nuevamente lluvias, ocasional granizo e importante actividad el\u00e9ctrica en la regi\u00f3n.<\/div>\n<div class=\"entry-single-excerpt\">\n<p>El Servicio Meteorol\u00f3gico Nacional (SMN) emiti\u00f3 este domingo un alerta por tormentas fuertes que abarca al centro y sur de Santa Fe.<\/p>\n<p>El parte clim\u00e1tico indica que \u201csobre gran parte del \u00e1rea de cobertura las condiciones han mejorado temporariamente, si bien continuaran registr\u00e1ndose lluvias y chaparrones sin caracter\u00edsticas de alerta hasta las primeras horas de la tarde\u201d.<\/p>\n<p>Sin embargo, se a\u00f1ade que \u201cya desde la tarde del domingo se preven, nuevamente, lluvias y tormentas, algunas localmente fuertes, con abundante ca\u00edda de agua, ocasional granizo e importante actividad el\u00e9ctrica\u201d.<\/p>\n<p>Adem\u00e1s de Santa Fe, el SMN incluye en el alerta al extremo sur de la provincia de Buenos Aires, este de Catamarca, noreste de Chubut, C\u00f3rdoba, La Pampa, este de La Rioja, este de Mendoza, centro y este de R\u00edo Negro, este de San Juan y San Luis.<\/p>\n<p>&nbsp;<\/p>\n<\/div>\n<div class=\"entry-single-bar clearfix\"><\/div>\n","protected":false},"excerpt":{"rendered":"<p>El Servicio Meteorol\u00f3gico advierte que durante la tarde de este domingo\u00a0podr\u00edan registrarse\u00a0nuevamente lluvias, ocasional granizo e importante actividad el\u00e9ctrica en la regi\u00f3n. El Servicio Meteorol\u00f3gico Nacional (SMN) emiti\u00f3 este domingo un alerta por tormentas fuertes que abarca al centro y sur de Santa Fe. El parte clim\u00e1tico indica que \u201csobre gran parte del \u00e1rea de <a href=\"https:\/\/armstrongyregion.com.ar\/diario\/alerta-por-tormentas-fuertes-para-el-centro-y-sur-de-santa-fe\/\" title=\"Read more\" >&#8230;<\/a><\/p>\n","protected":false},"author":1,"featured_media":12228,"comment_status":"open","ping_status":"open","sticky":false,"template":"","format":"standard","meta":{"_jetpack_memberships_contains_paid_content":false,"footnotes":"","jetpack_publicize_message":"","jetpack_publicize_feature_enabled":true,"jetpack_social_post_already_shared":false,"jetpack_social_options":{"image_generator_settings":{"template":"highway","default_image_id":0,"enabled":false},"version":2}},"categories":[1,2],"tags":[5210,20,388,13],"class_list":["post-12227","post","type-post","status-publish","format-standard","has-post-thumbnail","hentry","category-diario-armstrong","category-locales","tag-alerta-por-tormentas-fuertes-para-el-centro-y-sur-de-santa-fe","tag-armstrong","tag-region-2","tag-y"],"jetpack_publicize_connections":[],"jetpack_featured_media_url":"https:\/\/armstrongyregion.com.ar\/diario\/wp-content\/uploads\/2017\/03\/Alerta-.jpg","jetpack_shortlink":"https:\/\/wp.me\/p62QDO-3bd","jetpack_sharing_enabled":true,"amp_enabled":true,"_links":{"self":[{"href":"https:\/\/armstrongyregion.com.ar\/diario\/wp-json\/wp\/v2\/posts\/12227","targetHints":{"allow":["GET"]}}],"collection":[{"href":"https:\/\/armstrongyregion.com.ar\/diario\/wp-json\/wp\/v2\/posts"}],"about":[{"href":"https:\/\/armstrongyregion.com.ar\/diario\/wp-json\/wp\/v2\/types\/post"}],"author":[{"embeddable":true,"href":"https:\/\/armstrongyregion.com.ar\/diario\/wp-json\/wp\/v2\/users\/1"}],"replies":[{"embeddable":true,"href":"https:\/\/armstrongyregion.com.ar\/diario\/wp-json\/wp\/v2\/comments?post=12227"}],"version-history":[{"count":0,"href":"https:\/\/armstrongyregion.com.ar\/diario\/wp-json\/wp\/v2\/posts\/12227\/revisions"}],"wp:featuredmedia":[{"embeddable":true,"href":"https:\/\/armstrongyregion.com.ar\/diario\/wp-json\/wp\/v2\/media\/12228"}],"wp:attachment":[{"href":"https:\/\/armstrongyregion.com.ar\/diario\/wp-json\/wp\/v2\/media?parent=12227"}],"wp:term":[{"taxonomy":"category","embeddable":true,"href":"https:\/\/armstrongyregion.com.ar\/diario\/wp-json\/wp\/v2\/categories?post=12227"},{"taxonomy":"post_tag","embeddable":true,"href":"https:\/\/armstrongyregion.com.ar\/diario\/wp-json\/wp\/v2\/tags?post=12227"}],"curies":[{"name":"wp","href":"https:\/\/api.w.org\/{rel}","templated":true}]}}