{"id":12215,"date":"2017-03-26T01:19:16","date_gmt":"2017-03-26T01:19:16","guid":{"rendered":"https:\/\/armstrongyregion.com.ar\/diario\/?p=12215"},"modified":"2017-03-26T01:19:16","modified_gmt":"2017-03-26T01:19:16","slug":"incorporaron-cien-empleados-a-la-fabrica-de-maquinaria-ombu-en-las-parejas","status":"publish","type":"post","link":"https:\/\/armstrongyregion.com.ar\/diario\/incorporaron-cien-empleados-a-la-fabrica-de-maquinaria-ombu-en-las-parejas\/","title":{"rendered":"Incorporaron cien empleados a la f\u00e1brica de maquinaria Omb\u00fa en Las Parejas."},"content":{"rendered":"<p><a href=\"http:\/\/armstrongyregion.com.ar\/diario\/wp-content\/uploads\/2017\/03\/OMBU-.jpg\"><img loading=\"lazy\" decoding=\"async\" class=\"alignnone size-medium wp-image-12216\" src=\"http:\/\/armstrongyregion.com.ar\/diario\/wp-content\/uploads\/2017\/03\/OMBU--300x225.jpg\" alt=\"OMBU-\" width=\"300\" height=\"225\" srcset=\"https:\/\/armstrongyregion.com.ar\/diario\/wp-content\/uploads\/2017\/03\/OMBU--300x225.jpg 300w, https:\/\/armstrongyregion.com.ar\/diario\/wp-content\/uploads\/2017\/03\/OMBU-.jpg 768w\" sizes=\"auto, (max-width: 300px) 100vw, 300px\" \/><\/a>A trav\u00e9s de programas del Ministerio de Trabajo, en coordinaci\u00f3n con la Gerencia de Empleo Rosario, lograron que se incorporen 100 empleados efectivos a la empresa Maquinarias Agr\u00edcolas Omb\u00fa SA, asentada en la localidad de Las Parejas.<\/p>\n<p>El diputado provincial Germ\u00e1n Mastrocola y Andr\u00e9s Danel\u00f3n, gerente de Empleo Rosario, dependiente del Ministerio de Trabajo de la Naci\u00f3n, estuvieron presentes en Las Parejas en las instalaciones de Omb\u00fa con el objetivo de dialogar con los directivos y con los 100 empleados incorporados a trav\u00e9s del Programa de Inserci\u00f3n Laboral en Empresas (PIL).<\/p>\n<p>El legislador asegur\u00f3 que \u00ablo importante es que dejamos a trav\u00e9s los planes sociales, para fomentar la cultura del trabajo\u00bb, y a\u00f1adi\u00f3 que \u00abla \u00fanica forma de aplicar la pol\u00edtica es en el territorio; para eso estamos tambi\u00e9n los diputados provinciales, donde vemos que es necesario llevar las pol\u00edticas nacionales, debemos tomar la iniciativa\u00bb.<\/p>\n<p>Al ser consultado por detalles del PIL, Mastrocola dijo que antes de pasar a planta, los empleados tuvieron un curso de capacitaci\u00f3n a trav\u00e9s de un gremio local. \u00abEl Estado se encarga de darles a los beneficiarios los fondos econ\u00f3micos necesarios para su capacitaci\u00f3n y un porcentaje de su sueldo al ingresar al \u00e1mbito de trabajo\u00bb, explic\u00f3.<\/p>\n<p>Por \u00faltimo, agreg\u00f3 que \u00abcuando se ven los resultados, encontramos la motivaci\u00f3n para seguir adelante con estas pol\u00edticas\u00bb, y que \u00ablo importante de la labor realizada es que dejamos a trav\u00e9s los planes sociales, para fomentar la cultura del trabajo\u00bb.<\/p>\n<p>Y record\u00f3 que d\u00edas atr\u00e1s tambi\u00e9n estuvo presente en la ciudad de Casilda, donde dio inicio a los cursos introductorios del Programa de Empleo Independiente (PEI), por el cual se financiar\u00e1n 55 emprendimientos.<\/p>\n<p>La Capital.Com<\/p>\n","protected":false},"excerpt":{"rendered":"<p>A trav\u00e9s de programas del Ministerio de Trabajo, en coordinaci\u00f3n con la Gerencia de Empleo Rosario, lograron que se incorporen 100 empleados efectivos a la empresa Maquinarias Agr\u00edcolas Omb\u00fa SA, asentada en la localidad de Las Parejas. El diputado provincial Germ\u00e1n Mastrocola y Andr\u00e9s Danel\u00f3n, gerente de Empleo Rosario, dependiente del Ministerio de Trabajo de <a href=\"https:\/\/armstrongyregion.com.ar\/diario\/incorporaron-cien-empleados-a-la-fabrica-de-maquinaria-ombu-en-las-parejas\/\" title=\"Read more\" >&#8230;<\/a><\/p>\n","protected":false},"author":1,"featured_media":12216,"comment_status":"open","ping_status":"open","sticky":false,"template":"","format":"standard","meta":{"_jetpack_memberships_contains_paid_content":false,"footnotes":"","jetpack_publicize_message":"","jetpack_publicize_feature_enabled":true,"jetpack_social_post_already_shared":false,"jetpack_social_options":{"image_generator_settings":{"template":"highway","default_image_id":0,"enabled":false},"version":2}},"categories":[1,3],"tags":[20,5208,388,13],"class_list":["post-12215","post","type-post","status-publish","format-standard","has-post-thumbnail","hentry","category-diario-armstrong","category-region","tag-armstrong","tag-incorporaron-cien-empleados-a-la-fabrica-de-maquinaria-ombu-en-las-parejas","tag-region-2","tag-y"],"jetpack_publicize_connections":[],"jetpack_featured_media_url":"https:\/\/armstrongyregion.com.ar\/diario\/wp-content\/uploads\/2017\/03\/OMBU-.jpg","jetpack_shortlink":"https:\/\/wp.me\/p62QDO-3b1","jetpack_sharing_enabled":true,"amp_enabled":true,"_links":{"self":[{"href":"https:\/\/armstrongyregion.com.ar\/diario\/wp-json\/wp\/v2\/posts\/12215","targetHints":{"allow":["GET"]}}],"collection":[{"href":"https:\/\/armstrongyregion.com.ar\/diario\/wp-json\/wp\/v2\/posts"}],"about":[{"href":"https:\/\/armstrongyregion.com.ar\/diario\/wp-json\/wp\/v2\/types\/post"}],"author":[{"embeddable":true,"href":"https:\/\/armstrongyregion.com.ar\/diario\/wp-json\/wp\/v2\/users\/1"}],"replies":[{"embeddable":true,"href":"https:\/\/armstrongyregion.com.ar\/diario\/wp-json\/wp\/v2\/comments?post=12215"}],"version-history":[{"count":0,"href":"https:\/\/armstrongyregion.com.ar\/diario\/wp-json\/wp\/v2\/posts\/12215\/revisions"}],"wp:featuredmedia":[{"embeddable":true,"href":"https:\/\/armstrongyregion.com.ar\/diario\/wp-json\/wp\/v2\/media\/12216"}],"wp:attachment":[{"href":"https:\/\/armstrongyregion.com.ar\/diario\/wp-json\/wp\/v2\/media?parent=12215"}],"wp:term":[{"taxonomy":"category","embeddable":true,"href":"https:\/\/armstrongyregion.com.ar\/diario\/wp-json\/wp\/v2\/categories?post=12215"},{"taxonomy":"post_tag","embeddable":true,"href":"https:\/\/armstrongyregion.com.ar\/diario\/wp-json\/wp\/v2\/tags?post=12215"}],"curies":[{"name":"wp","href":"https:\/\/api.w.org\/{rel}","templated":true}]}}