{"id":12203,"date":"2017-03-25T12:19:33","date_gmt":"2017-03-25T12:19:33","guid":{"rendered":"https:\/\/armstrongyregion.com.ar\/diario\/?p=12203"},"modified":"2017-03-25T12:19:33","modified_gmt":"2017-03-25T12:19:33","slug":"armstrong-se-realizo-el-acto-en-el-dia-de-la-memoria-la-verdad-y-la-justicia","status":"publish","type":"post","link":"https:\/\/armstrongyregion.com.ar\/diario\/armstrong-se-realizo-el-acto-en-el-dia-de-la-memoria-la-verdad-y-la-justicia\/","title":{"rendered":"Armstrong. Se realiz\u00f3 el Acto en el D\u00eda de la Memoria, la Verdad y la Justicia."},"content":{"rendered":"<p><a href=\"http:\/\/armstrongyregion.com.ar\/diario\/wp-content\/uploads\/2017\/03\/dia-memoria-241.jpg\"><img loading=\"lazy\" decoding=\"async\" class=\"alignnone size-medium wp-image-12207\" src=\"http:\/\/armstrongyregion.com.ar\/diario\/wp-content\/uploads\/2017\/03\/dia-memoria-241-300x169.jpg\" alt=\"dia-memoria-24\" width=\"300\" height=\"169\" srcset=\"https:\/\/armstrongyregion.com.ar\/diario\/wp-content\/uploads\/2017\/03\/dia-memoria-241-300x169.jpg 300w, https:\/\/armstrongyregion.com.ar\/diario\/wp-content\/uploads\/2017\/03\/dia-memoria-241.jpg 768w\" sizes=\"auto, (max-width: 300px) 100vw, 300px\" \/><\/a>En la ma\u00f1ana del 24 de marzo, pasadas las 11hs en el Museo Hist\u00f3rico Municipal se realiz\u00f3 el Acto por el D\u00eda de la Memoria, la Verdad y la Justicia.<\/p>\n<p><a href=\"http:\/\/armstrongyregion.com.ar\/diario\/wp-content\/uploads\/2017\/03\/dia-memoria-3-.jpg\"><img loading=\"lazy\" decoding=\"async\" class=\"alignnone size-medium wp-image-12208\" src=\"http:\/\/armstrongyregion.com.ar\/diario\/wp-content\/uploads\/2017\/03\/dia-memoria-3--300x213.jpg\" alt=\"dia-memoria-3-\" width=\"300\" height=\"213\" srcset=\"https:\/\/armstrongyregion.com.ar\/diario\/wp-content\/uploads\/2017\/03\/dia-memoria-3--300x213.jpg 300w, https:\/\/armstrongyregion.com.ar\/diario\/wp-content\/uploads\/2017\/03\/dia-memoria-3-.jpg 768w\" sizes=\"auto, (max-width: 300px) 100vw, 300px\" \/><\/a>El intendente Verdecchia en este d\u00eda no laborable invit\u00f3 a la reflexi\u00f3n, a la difusi\u00f3n para que nunca m\u00e1s vuelva a aparecer en nuestro pa\u00eds este tipo de atropellos hacia los derechos y hacia la vida que es fundamental, \u201ccreemos- dijo- que en estas cuatro d\u00e9cadas algunas heridas se cerraron pero la mayor\u00eda siguen abiertas\u201d.<\/p>\n<p>\u201cCreo infinitamente en las palabras que el Dr. Ra\u00fal Alfons\u00edn nos leg\u00f3, las heridas se van a ir cerrando solamente con m\u00e1s democracia, con m\u00e1s tolerancia, con m\u00e1s respeto hacia el buen camino\u201d. Finaliz\u00f3 el intendente.<\/p>\n<p><a href=\"http:\/\/armstrongyregion.com.ar\/diario\/wp-content\/uploads\/2017\/03\/dia-memoria-2-.jpg\"><img loading=\"lazy\" decoding=\"async\" class=\"alignnone size-medium wp-image-12209\" src=\"http:\/\/armstrongyregion.com.ar\/diario\/wp-content\/uploads\/2017\/03\/dia-memoria-2--300x169.jpg\" alt=\"dia-memoria-2-\" width=\"300\" height=\"169\" srcset=\"https:\/\/armstrongyregion.com.ar\/diario\/wp-content\/uploads\/2017\/03\/dia-memoria-2--300x169.jpg 300w, https:\/\/armstrongyregion.com.ar\/diario\/wp-content\/uploads\/2017\/03\/dia-memoria-2-.jpg 960w\" sizes=\"auto, (max-width: 300px) 100vw, 300px\" \/><\/a>Estuvieron presentes los concejales Emiliano Gramigna, Leonardo Rostagno y Beatr\u00edz Di Paolo, quienes acompa\u00f1aron al intendente a recordar \u00a0aquel 24 de marzo de 1976 y de manera simb\u00f3lica honraron \u00a0a las v\u00edctimas de la \u00faltima dictadura militar que sufriera nuestro pa\u00eds con una ofrenda floral.<\/p>\n<p>A las 17 hs. del mismo d\u00eda, en el mismo lugar y a pedido del p\u00fablico se proyect\u00f3 el film documental \u201cKm. 674. Voltear a Obreg\u00f3n\u201d, que recuerda el asesinato de V\u00edctor Cantoia, Aldo Viotto, Ernesto Pascucci, Roberto Blanch, todos ellos de nuestra ciudad, y Odorico Montorfano quien era directivo de la Federaci\u00f3n Argentina de Cooperativas Agrarias (F.A.C.A.), de Rosario.<\/p>\n<p>Imagenes: Walter Musso- De \u00abActualidad Informativa\u00bb. Cable Imagen Armstrong.<\/p>\n","protected":false},"excerpt":{"rendered":"<p>En la ma\u00f1ana del 24 de marzo, pasadas las 11hs en el Museo Hist\u00f3rico Municipal se realiz\u00f3 el Acto por el D\u00eda de la Memoria, la Verdad y la Justicia. El intendente Verdecchia en este d\u00eda no laborable invit\u00f3 a la reflexi\u00f3n, a la difusi\u00f3n para que nunca m\u00e1s vuelva a aparecer en nuestro pa\u00eds <a href=\"https:\/\/armstrongyregion.com.ar\/diario\/armstrong-se-realizo-el-acto-en-el-dia-de-la-memoria-la-verdad-y-la-justicia\/\" title=\"Read more\" >&#8230;<\/a><\/p>\n","protected":false},"author":1,"featured_media":12207,"comment_status":"open","ping_status":"open","sticky":false,"template":"","format":"standard","meta":{"_jetpack_memberships_contains_paid_content":false,"footnotes":"","jetpack_publicize_message":"","jetpack_publicize_feature_enabled":true,"jetpack_social_post_already_shared":false,"jetpack_social_options":{"image_generator_settings":{"template":"highway","default_image_id":0,"enabled":false},"version":2}},"categories":[6,8,1,2,7],"tags":[20,5205,5206,388,13],"class_list":["post-12203","post","type-post","status-publish","format-standard","has-post-thumbnail","hentry","category-cultura-entretenimiento","category-deliberando","category-diario-armstrong","category-locales","category-politica","tag-armstrong","tag-armstrong-se-realizo-el-acto-en-el-dia-de-la-memoria","tag-la-verdad-y-la-justicia","tag-region-2","tag-y"],"jetpack_publicize_connections":[],"jetpack_featured_media_url":"https:\/\/armstrongyregion.com.ar\/diario\/wp-content\/uploads\/2017\/03\/dia-memoria-241.jpg","jetpack_shortlink":"https:\/\/wp.me\/p62QDO-3aP","jetpack_sharing_enabled":true,"amp_enabled":true,"_links":{"self":[{"href":"https:\/\/armstrongyregion.com.ar\/diario\/wp-json\/wp\/v2\/posts\/12203","targetHints":{"allow":["GET"]}}],"collection":[{"href":"https:\/\/armstrongyregion.com.ar\/diario\/wp-json\/wp\/v2\/posts"}],"about":[{"href":"https:\/\/armstrongyregion.com.ar\/diario\/wp-json\/wp\/v2\/types\/post"}],"author":[{"embeddable":true,"href":"https:\/\/armstrongyregion.com.ar\/diario\/wp-json\/wp\/v2\/users\/1"}],"replies":[{"embeddable":true,"href":"https:\/\/armstrongyregion.com.ar\/diario\/wp-json\/wp\/v2\/comments?post=12203"}],"version-history":[{"count":0,"href":"https:\/\/armstrongyregion.com.ar\/diario\/wp-json\/wp\/v2\/posts\/12203\/revisions"}],"wp:featuredmedia":[{"embeddable":true,"href":"https:\/\/armstrongyregion.com.ar\/diario\/wp-json\/wp\/v2\/media\/12207"}],"wp:attachment":[{"href":"https:\/\/armstrongyregion.com.ar\/diario\/wp-json\/wp\/v2\/media?parent=12203"}],"wp:term":[{"taxonomy":"category","embeddable":true,"href":"https:\/\/armstrongyregion.com.ar\/diario\/wp-json\/wp\/v2\/categories?post=12203"},{"taxonomy":"post_tag","embeddable":true,"href":"https:\/\/armstrongyregion.com.ar\/diario\/wp-json\/wp\/v2\/tags?post=12203"}],"curies":[{"name":"wp","href":"https:\/\/api.w.org\/{rel}","templated":true}]}}