{"id":12197,"date":"2017-03-25T11:27:57","date_gmt":"2017-03-25T11:27:57","guid":{"rendered":"https:\/\/armstrongyregion.com.ar\/diario\/?p=12197"},"modified":"2017-03-25T11:27:57","modified_gmt":"2017-03-25T11:27:57","slug":"canada-de-gomez-clerici-se-reunio-con-industriales-del-segundo-parque","status":"publish","type":"post","link":"https:\/\/armstrongyregion.com.ar\/diario\/canada-de-gomez-clerici-se-reunio-con-industriales-del-segundo-parque\/","title":{"rendered":"Ca\u00f1ada de G\u00f3mez. Clerici se reuni\u00f3 con industriales del segundo parque."},"content":{"rendered":"<p><a href=\"http:\/\/armstrongyregion.com.ar\/diario\/wp-content\/uploads\/2017\/03\/clerici-empresarios-.jpg\"><img loading=\"lazy\" decoding=\"async\" class=\"alignnone size-medium wp-image-12198\" src=\"http:\/\/armstrongyregion.com.ar\/diario\/wp-content\/uploads\/2017\/03\/clerici-empresarios--300x169.jpg\" alt=\"clerici-empresarios-\" width=\"300\" height=\"169\" srcset=\"https:\/\/armstrongyregion.com.ar\/diario\/wp-content\/uploads\/2017\/03\/clerici-empresarios--300x169.jpg 300w, https:\/\/armstrongyregion.com.ar\/diario\/wp-content\/uploads\/2017\/03\/clerici-empresarios-.jpg 768w\" sizes=\"auto, (max-width: 300px) 100vw, 300px\" \/><\/a>Junto a parte de su equipo de trabajo diagramaron las obras a realzar en el predio luego de la aprobaci\u00f3n del proyecto h\u00eddrico por parte de los estamentos provinciales.<\/p>\n<p>La intendenta Stella Cl\u00e9rici junto a parte de su equipo de trabajo se reuni\u00f3 con los industriales que adquirieron sus lotes en el segundo Parque Industrial ubicado en la intersecci\u00f3n de las rutas 9 y 91, frente al primer Parque.<br \/>\nCon la presencia del secretario de Producci\u00f3n Marcelo Cogno y la secretaria de Obras P\u00fablicas Anal\u00eda De G\u00e1speri diagramaron las tareas a realizar luego de la aprobaci\u00f3n del proyecto h\u00eddrico para el \u00e1rea productiva por parte del Ministerio de Infraestructura provincial.<br \/>\nEn este sentido, explicaron que se van a comenzar con el movimiento de suelos para luego realizar la marcaci\u00f3n de las calles internas y los lotes correspondientes a cada una de las firmas que apostaron por trasladarse a este segundo predio productivo impulsado desde la gesti\u00f3n municipal. \u201cEs un orgullo poder estar junto a los industriales diagramando los trabajos para el predio que constituye este segundo parque industrial, acompa\u00f1ando a los empresarios a de la ciudad a que puedan desarrollarse\u201d, destac\u00f3 Cl\u00e9rici.<\/p>\n","protected":false},"excerpt":{"rendered":"<p>Junto a parte de su equipo de trabajo diagramaron las obras a realzar en el predio luego de la aprobaci\u00f3n del proyecto h\u00eddrico por parte de los estamentos provinciales. La intendenta Stella Cl\u00e9rici junto a parte de su equipo de trabajo se reuni\u00f3 con los industriales que adquirieron sus lotes en el segundo Parque Industrial <a href=\"https:\/\/armstrongyregion.com.ar\/diario\/canada-de-gomez-clerici-se-reunio-con-industriales-del-segundo-parque\/\" title=\"Read more\" >&#8230;<\/a><\/p>\n","protected":false},"author":1,"featured_media":12198,"comment_status":"open","ping_status":"open","sticky":false,"template":"","format":"standard","meta":{"_jetpack_memberships_contains_paid_content":false,"footnotes":"","jetpack_publicize_message":"","jetpack_publicize_feature_enabled":true,"jetpack_social_post_already_shared":false,"jetpack_social_options":{"image_generator_settings":{"template":"highway","default_image_id":0,"enabled":false},"version":2}},"categories":[1,7,3],"tags":[20,5202,388,13],"class_list":["post-12197","post","type-post","status-publish","format-standard","has-post-thumbnail","hentry","category-diario-armstrong","category-politica","category-region","tag-armstrong","tag-canada-de-gomez-clerici-se-reunio-con-industriales-del-segundo-parque","tag-region-2","tag-y"],"jetpack_publicize_connections":[],"jetpack_featured_media_url":"https:\/\/armstrongyregion.com.ar\/diario\/wp-content\/uploads\/2017\/03\/clerici-empresarios-.jpg","jetpack_shortlink":"https:\/\/wp.me\/p62QDO-3aJ","jetpack_sharing_enabled":true,"amp_enabled":true,"_links":{"self":[{"href":"https:\/\/armstrongyregion.com.ar\/diario\/wp-json\/wp\/v2\/posts\/12197","targetHints":{"allow":["GET"]}}],"collection":[{"href":"https:\/\/armstrongyregion.com.ar\/diario\/wp-json\/wp\/v2\/posts"}],"about":[{"href":"https:\/\/armstrongyregion.com.ar\/diario\/wp-json\/wp\/v2\/types\/post"}],"author":[{"embeddable":true,"href":"https:\/\/armstrongyregion.com.ar\/diario\/wp-json\/wp\/v2\/users\/1"}],"replies":[{"embeddable":true,"href":"https:\/\/armstrongyregion.com.ar\/diario\/wp-json\/wp\/v2\/comments?post=12197"}],"version-history":[{"count":0,"href":"https:\/\/armstrongyregion.com.ar\/diario\/wp-json\/wp\/v2\/posts\/12197\/revisions"}],"wp:featuredmedia":[{"embeddable":true,"href":"https:\/\/armstrongyregion.com.ar\/diario\/wp-json\/wp\/v2\/media\/12198"}],"wp:attachment":[{"href":"https:\/\/armstrongyregion.com.ar\/diario\/wp-json\/wp\/v2\/media?parent=12197"}],"wp:term":[{"taxonomy":"category","embeddable":true,"href":"https:\/\/armstrongyregion.com.ar\/diario\/wp-json\/wp\/v2\/categories?post=12197"},{"taxonomy":"post_tag","embeddable":true,"href":"https:\/\/armstrongyregion.com.ar\/diario\/wp-json\/wp\/v2\/tags?post=12197"}],"curies":[{"name":"wp","href":"https:\/\/api.w.org\/{rel}","templated":true}]}}