{"id":1219,"date":"2015-03-08T21:32:19","date_gmt":"2015-03-08T21:32:19","guid":{"rendered":"https:\/\/armstrongyregion.com.ar\/diario\/?p=1219"},"modified":"2015-03-08T21:41:23","modified_gmt":"2015-03-08T21:41:23","slug":"esta-cortada-totalmente-la-ruta-a-cruz-alta","status":"publish","type":"post","link":"https:\/\/armstrongyregion.com.ar\/diario\/esta-cortada-totalmente-la-ruta-a-cruz-alta\/","title":{"rendered":"Est\u00e1 cortada totalmente la ruta a Cruz Alta."},"content":{"rendered":"<p><a href=\"http:\/\/armstrongyregion.com.ar\/diario\/wp-content\/uploads\/2015\/03\/IMG-20150308-WA0023.jpg\"><img loading=\"lazy\" decoding=\"async\" class=\"alignnone size-medium wp-image-1220\" src=\"http:\/\/armstrongyregion.com.ar\/diario\/wp-content\/uploads\/2015\/03\/IMG-20150308-WA0023-300x224.jpg\" alt=\"Cruz Alta\" width=\"300\" height=\"224\" srcset=\"https:\/\/armstrongyregion.com.ar\/diario\/wp-content\/uploads\/2015\/03\/IMG-20150308-WA0023-300x224.jpg 300w, https:\/\/armstrongyregion.com.ar\/diario\/wp-content\/uploads\/2015\/03\/IMG-20150308-WA0023.jpg 667w\" sizes=\"auto, (max-width: 300px) 100vw, 300px\" \/><\/a>Este s\u00e1bado, quiz\u00e1 impulsados por la desesperaci\u00f3n e impotencia, los propios vecinos a pico y pala, cortaron la Ruta 15, entre el puente nuevo y el cruce con la 92, tratando de canalizar para que cruce el agua del oeste a este.<br \/>\nTodo comenz\u00f3 poco despu\u00e9s de las 16hs, cuando el propio intendente Marcos Bizet, junto a un grupo de vecinos decidieron realizar una canalizaci\u00f3n rompiendo el asfalto.<br \/>\nEste domingo, Bomberos y Polic\u00eda de Arteaga, desviaban el tr\u00e1nsito e indicaban que para llegar a Armstrong, se deb\u00eda desviar \u00a0hacia Marcos Ju\u00e1rez o Arequito.<\/p>\n","protected":false},"excerpt":{"rendered":"<p>Este s\u00e1bado, quiz\u00e1 impulsados por la desesperaci\u00f3n e impotencia, los propios vecinos a pico y pala, cortaron la Ruta 15, entre el puente nuevo y el cruce con la 92, tratando de canalizar para que cruce el agua del oeste a este. Todo comenz\u00f3 poco despu\u00e9s de las 16hs, cuando el propio intendente Marcos Bizet, <a href=\"https:\/\/armstrongyregion.com.ar\/diario\/esta-cortada-totalmente-la-ruta-a-cruz-alta\/\" title=\"Read more\" >&#8230;<\/a><\/p>\n","protected":false},"author":2,"featured_media":1220,"comment_status":"open","ping_status":"open","sticky":false,"template":"","format":"standard","meta":{"_jetpack_memberships_contains_paid_content":false,"footnotes":"","jetpack_publicize_message":"","jetpack_publicize_feature_enabled":true,"jetpack_social_post_already_shared":false,"jetpack_social_options":{"image_generator_settings":{"template":"highway","default_image_id":0,"enabled":false},"version":2}},"categories":[1,3],"tags":[33,1052,1076,1051,94,31,484,1077],"class_list":["post-1219","post","type-post","status-publish","format-standard","has-post-thumbnail","hentry","category-diario-armstrong","category-region","tag-a","tag-alta","tag-cortada","tag-cruz","tag-esta","tag-la","tag-ruta","tag-totalmente"],"jetpack_publicize_connections":[],"jetpack_featured_media_url":"https:\/\/armstrongyregion.com.ar\/diario\/wp-content\/uploads\/2015\/03\/IMG-20150308-WA0023.jpg","jetpack_shortlink":"https:\/\/wp.me\/p62QDO-jF","jetpack_sharing_enabled":true,"amp_enabled":true,"_links":{"self":[{"href":"https:\/\/armstrongyregion.com.ar\/diario\/wp-json\/wp\/v2\/posts\/1219","targetHints":{"allow":["GET"]}}],"collection":[{"href":"https:\/\/armstrongyregion.com.ar\/diario\/wp-json\/wp\/v2\/posts"}],"about":[{"href":"https:\/\/armstrongyregion.com.ar\/diario\/wp-json\/wp\/v2\/types\/post"}],"author":[{"embeddable":true,"href":"https:\/\/armstrongyregion.com.ar\/diario\/wp-json\/wp\/v2\/users\/2"}],"replies":[{"embeddable":true,"href":"https:\/\/armstrongyregion.com.ar\/diario\/wp-json\/wp\/v2\/comments?post=1219"}],"version-history":[{"count":0,"href":"https:\/\/armstrongyregion.com.ar\/diario\/wp-json\/wp\/v2\/posts\/1219\/revisions"}],"wp:featuredmedia":[{"embeddable":true,"href":"https:\/\/armstrongyregion.com.ar\/diario\/wp-json\/wp\/v2\/media\/1220"}],"wp:attachment":[{"href":"https:\/\/armstrongyregion.com.ar\/diario\/wp-json\/wp\/v2\/media?parent=1219"}],"wp:term":[{"taxonomy":"category","embeddable":true,"href":"https:\/\/armstrongyregion.com.ar\/diario\/wp-json\/wp\/v2\/categories?post=1219"},{"taxonomy":"post_tag","embeddable":true,"href":"https:\/\/armstrongyregion.com.ar\/diario\/wp-json\/wp\/v2\/tags?post=1219"}],"curies":[{"name":"wp","href":"https:\/\/api.w.org\/{rel}","templated":true}]}}