{"id":12177,"date":"2017-03-23T16:05:01","date_gmt":"2017-03-23T16:05:01","guid":{"rendered":"https:\/\/armstrongyregion.com.ar\/diario\/?p=12177"},"modified":"2017-03-23T16:05:01","modified_gmt":"2017-03-23T16:05:01","slug":"avanzan-las-obras-de-la-nueva-planta-para-el-reciclado-de-silos-bolsa-en-canada-de-gomez","status":"publish","type":"post","link":"https:\/\/armstrongyregion.com.ar\/diario\/avanzan-las-obras-de-la-nueva-planta-para-el-reciclado-de-silos-bolsa-en-canada-de-gomez\/","title":{"rendered":"Avanzan las obras de la nueva planta para el reciclado de silos bolsa en Ca\u00f1ada de G\u00f3mez."},"content":{"rendered":"<p><a href=\"http:\/\/armstrongyregion.com.ar\/diario\/wp-content\/uploads\/2017\/03\/Ca\u00f1ada-Rasetto.jpg\"><img loading=\"lazy\" decoding=\"async\" class=\"alignnone size-medium wp-image-12178\" src=\"http:\/\/armstrongyregion.com.ar\/diario\/wp-content\/uploads\/2017\/03\/Ca\u00f1ada-Rasetto-300x168.jpg\" alt=\"Ca\u00f1ada-Rasetto\" width=\"300\" height=\"168\" srcset=\"https:\/\/armstrongyregion.com.ar\/diario\/wp-content\/uploads\/2017\/03\/Ca\u00f1ada-Rasetto-300x168.jpg 300w, https:\/\/armstrongyregion.com.ar\/diario\/wp-content\/uploads\/2017\/03\/Ca\u00f1ada-Rasetto.jpg 768w\" sizes=\"auto, (max-width: 300px) 100vw, 300px\" \/><\/a>Desde \u201cSanta Fe Globlal\u201d destacaron que \u201cla obra de montaje e infraestructura se realiza con empresas y manos de obra santafesina\u201d, y que se trata de \u201cla primera planta de este tipo en nuestro pa\u00eds\u201d.<\/p>\n<p>Autoridades de la Agencia Santafesina de Inversiones y Comercio Internacional \u201cSanta Fe Global\u201d supervisaron este martes en Ca\u00f1ada de G\u00f3mez el avance de las obras de la nueva planta de la Asociaci\u00f3n de Cooperativas Argentinas (ACA), destinada al reciclado de silos bolsa.<\/p>\n<p>En ese marco, la directora ejecutiva del ente dependiente del Ministerio de la Producci\u00f3n de la provincia, D\u00e9bora Marini, consider\u00f3 que la obra tiene que ver con \u201cuna inversi\u00f3n que venimos trabajando en la Agencia desde el a\u00f1o pasado y que cont\u00f3 con la participaci\u00f3n del municipio, el Concejo local (a trav\u00e9s del edil Mat\u00edas Chale) y del senador del departamento Iriondo, Hugo Rasetto\u201d.<\/p>\n<p>\u201cUna vez en marcha, la planta reciclar\u00e1 \u2013en un principio\u2013, silos bolsa que ser\u00e1n convertidos en expeller de pvc para la industria pl\u00e1stica\u201d, explic\u00f3 Marini.<\/p>\n<p>Asimismo, la funcionaria record\u00f3 que \u201cen un momento, por cuestiones t\u00e9cnicas y tributarias, la inversi\u00f3n peligr\u00f3, pero trabajamos para retenerla y hoy es una realidad. La planta est\u00e1 en plena construcci\u00f3n y se espera que los trabajos culminen para junio o julio para que quede operativa. Una vez en marcha procesar\u00e1 alrededor de 500 y 600 toneladas diarias y estima emplear, en un comienzo, unas 25 personas de la zona\u201d, asegur\u00f3 Marini.<\/p>\n<p>Finalmente, la directora ejecutiva de \u201cSanta Fe Global\u201d destac\u00f3 el hecho de que \u201cla obra de montaje e infraestructura se realiza con empresas y manos de obra santafesina\u201d, y que se trata de \u201cla primera planta de este tipo en nuestro pa\u00eds\u201d.<\/p>\n<p><strong>PRESENTES<\/strong><br \/>\nDe la recorrida participaron, adem\u00e1s, el senador provincial Hugo Rasetto; el director provincial de Promoci\u00f3n y Capacitaci\u00f3n Industrial, Walter Kreni; y el concejal local Mat\u00edas Chale, entre otros actores ligados al sector en la regi\u00f3n.<\/p>\n<p>&nbsp;<\/p>\n","protected":false},"excerpt":{"rendered":"<p>Desde \u201cSanta Fe Globlal\u201d destacaron que \u201cla obra de montaje e infraestructura se realiza con empresas y manos de obra santafesina\u201d, y que se trata de \u201cla primera planta de este tipo en nuestro pa\u00eds\u201d. Autoridades de la Agencia Santafesina de Inversiones y Comercio Internacional \u201cSanta Fe Global\u201d supervisaron este martes en Ca\u00f1ada de G\u00f3mez <a href=\"https:\/\/armstrongyregion.com.ar\/diario\/avanzan-las-obras-de-la-nueva-planta-para-el-reciclado-de-silos-bolsa-en-canada-de-gomez\/\" title=\"Read more\" >&#8230;<\/a><\/p>\n","protected":false},"author":1,"featured_media":12178,"comment_status":"open","ping_status":"open","sticky":false,"template":"","format":"standard","meta":{"_jetpack_memberships_contains_paid_content":false,"footnotes":"","jetpack_publicize_message":"","jetpack_publicize_feature_enabled":true,"jetpack_social_post_already_shared":false,"jetpack_social_options":{"image_generator_settings":{"template":"highway","default_image_id":0,"enabled":false},"version":2}},"categories":[8,1,7,3],"tags":[5196],"class_list":["post-12177","post","type-post","status-publish","format-standard","has-post-thumbnail","hentry","category-deliberando","category-diario-armstrong","category-politica","category-region","tag-avanzan-las-obras-de-la-nueva-planta-para-el-reciclado-de-silos-bolsa-en-canada-de-gomez"],"jetpack_publicize_connections":[],"jetpack_featured_media_url":"https:\/\/armstrongyregion.com.ar\/diario\/wp-content\/uploads\/2017\/03\/Ca\u00f1ada-Rasetto.jpg","jetpack_shortlink":"https:\/\/wp.me\/p62QDO-3ap","jetpack_sharing_enabled":true,"amp_enabled":true,"_links":{"self":[{"href":"https:\/\/armstrongyregion.com.ar\/diario\/wp-json\/wp\/v2\/posts\/12177","targetHints":{"allow":["GET"]}}],"collection":[{"href":"https:\/\/armstrongyregion.com.ar\/diario\/wp-json\/wp\/v2\/posts"}],"about":[{"href":"https:\/\/armstrongyregion.com.ar\/diario\/wp-json\/wp\/v2\/types\/post"}],"author":[{"embeddable":true,"href":"https:\/\/armstrongyregion.com.ar\/diario\/wp-json\/wp\/v2\/users\/1"}],"replies":[{"embeddable":true,"href":"https:\/\/armstrongyregion.com.ar\/diario\/wp-json\/wp\/v2\/comments?post=12177"}],"version-history":[{"count":0,"href":"https:\/\/armstrongyregion.com.ar\/diario\/wp-json\/wp\/v2\/posts\/12177\/revisions"}],"wp:featuredmedia":[{"embeddable":true,"href":"https:\/\/armstrongyregion.com.ar\/diario\/wp-json\/wp\/v2\/media\/12178"}],"wp:attachment":[{"href":"https:\/\/armstrongyregion.com.ar\/diario\/wp-json\/wp\/v2\/media?parent=12177"}],"wp:term":[{"taxonomy":"category","embeddable":true,"href":"https:\/\/armstrongyregion.com.ar\/diario\/wp-json\/wp\/v2\/categories?post=12177"},{"taxonomy":"post_tag","embeddable":true,"href":"https:\/\/armstrongyregion.com.ar\/diario\/wp-json\/wp\/v2\/tags?post=12177"}],"curies":[{"name":"wp","href":"https:\/\/api.w.org\/{rel}","templated":true}]}}