{"id":12175,"date":"2017-03-23T15:46:36","date_gmt":"2017-03-23T15:46:36","guid":{"rendered":"https:\/\/armstrongyregion.com.ar\/diario\/?p=12175"},"modified":"2017-03-23T15:46:36","modified_gmt":"2017-03-23T15:46:36","slug":"manana-habra-recoleccion-de-residuos-con-normalidad","status":"publish","type":"post","link":"https:\/\/armstrongyregion.com.ar\/diario\/manana-habra-recoleccion-de-residuos-con-normalidad\/","title":{"rendered":"Ma\u00f1ana habr\u00e1 recolecci\u00f3n de residuos con normalidad."},"content":{"rendered":"<p><a href=\"http:\/\/armstrongyregion.com.ar\/diario\/wp-content\/uploads\/2015\/04\/recoleccion..jpg\"><img loading=\"lazy\" decoding=\"async\" class=\"alignnone size-full wp-image-1950\" src=\"http:\/\/armstrongyregion.com.ar\/diario\/wp-content\/uploads\/2015\/04\/recoleccion..jpg\" alt=\"recoleccion.\" width=\"300\" height=\"168\" \/><\/a>La Municipalidad de Armstrong atreves de la Sec. de\u00a0 Obras y Servicios P\u00fablicos informa que el d\u00eda viernes 24 de marzo de 2017 se mantiene con normalidad el cronograma de recolecci\u00f3n de residuos domiciliarios en horarios habituales.<\/p>\n","protected":false},"excerpt":{"rendered":"<p>La Municipalidad de Armstrong atreves de la Sec. de\u00a0 Obras y Servicios P\u00fablicos informa que el d\u00eda viernes 24 de marzo de 2017 se mantiene con normalidad el cronograma de recolecci\u00f3n de residuos domiciliarios en horarios habituales.<\/p>\n","protected":false},"author":1,"featured_media":1950,"comment_status":"open","ping_status":"open","sticky":false,"template":"","format":"standard","meta":{"_jetpack_memberships_contains_paid_content":false,"footnotes":"","jetpack_publicize_message":"","jetpack_publicize_feature_enabled":true,"jetpack_social_post_already_shared":false,"jetpack_social_options":{"image_generator_settings":{"template":"highway","default_image_id":0,"enabled":false},"version":2}},"categories":[1,2],"tags":[20,5195,388,13],"class_list":["post-12175","post","type-post","status-publish","format-standard","has-post-thumbnail","hentry","category-diario-armstrong","category-locales","tag-armstrong","tag-manana-habra-recoleccion-de-residuos-con-normalidad","tag-region-2","tag-y"],"jetpack_publicize_connections":[],"jetpack_featured_media_url":"https:\/\/armstrongyregion.com.ar\/diario\/wp-content\/uploads\/2015\/04\/recoleccion..jpg","jetpack_shortlink":"https:\/\/wp.me\/p62QDO-3an","jetpack_sharing_enabled":true,"amp_enabled":true,"_links":{"self":[{"href":"https:\/\/armstrongyregion.com.ar\/diario\/wp-json\/wp\/v2\/posts\/12175","targetHints":{"allow":["GET"]}}],"collection":[{"href":"https:\/\/armstrongyregion.com.ar\/diario\/wp-json\/wp\/v2\/posts"}],"about":[{"href":"https:\/\/armstrongyregion.com.ar\/diario\/wp-json\/wp\/v2\/types\/post"}],"author":[{"embeddable":true,"href":"https:\/\/armstrongyregion.com.ar\/diario\/wp-json\/wp\/v2\/users\/1"}],"replies":[{"embeddable":true,"href":"https:\/\/armstrongyregion.com.ar\/diario\/wp-json\/wp\/v2\/comments?post=12175"}],"version-history":[{"count":0,"href":"https:\/\/armstrongyregion.com.ar\/diario\/wp-json\/wp\/v2\/posts\/12175\/revisions"}],"wp:featuredmedia":[{"embeddable":true,"href":"https:\/\/armstrongyregion.com.ar\/diario\/wp-json\/wp\/v2\/media\/1950"}],"wp:attachment":[{"href":"https:\/\/armstrongyregion.com.ar\/diario\/wp-json\/wp\/v2\/media?parent=12175"}],"wp:term":[{"taxonomy":"category","embeddable":true,"href":"https:\/\/armstrongyregion.com.ar\/diario\/wp-json\/wp\/v2\/categories?post=12175"},{"taxonomy":"post_tag","embeddable":true,"href":"https:\/\/armstrongyregion.com.ar\/diario\/wp-json\/wp\/v2\/tags?post=12175"}],"curies":[{"name":"wp","href":"https:\/\/api.w.org\/{rel}","templated":true}]}}