{"id":12066,"date":"2017-03-15T23:33:35","date_gmt":"2017-03-15T23:33:35","guid":{"rendered":"https:\/\/armstrongyregion.com.ar\/diario\/?p=12066"},"modified":"2017-03-15T23:33:35","modified_gmt":"2017-03-15T23:33:35","slug":"cornaglia-manifesto-su-total-apoyo-a-la-candidatura-de-augusto-fischer","status":"publish","type":"post","link":"https:\/\/armstrongyregion.com.ar\/diario\/cornaglia-manifesto-su-total-apoyo-a-la-candidatura-de-augusto-fischer\/","title":{"rendered":"Cornaglia manifest\u00f3 su total apoyo a la candidatura de Augusto Fischer."},"content":{"rendered":"<div><a href=\"http:\/\/armstrongyregion.com.ar\/diario\/wp-content\/uploads\/2017\/03\/Cornaglia-Fischer-.jpg\"><img loading=\"lazy\" decoding=\"async\" class=\"alignnone size-medium wp-image-12067\" src=\"http:\/\/armstrongyregion.com.ar\/diario\/wp-content\/uploads\/2017\/03\/Cornaglia-Fischer--300x208.jpg\" alt=\"Cornaglia-Fischer-\" width=\"300\" height=\"208\" srcset=\"https:\/\/armstrongyregion.com.ar\/diario\/wp-content\/uploads\/2017\/03\/Cornaglia-Fischer--300x208.jpg 300w, https:\/\/armstrongyregion.com.ar\/diario\/wp-content\/uploads\/2017\/03\/Cornaglia-Fischer-.jpg 768w\" sizes=\"auto, (max-width: 300px) 100vw, 300px\" \/><\/a>Consultado por los medios locales respecto a qui\u00e9n va a ser el candidato que va a apoyar en las pr\u00f3ximas elecciones a Intendente en Armstrong, el actual Senador Provincial expres\u00f3 su absoluto apoyo a la candidatura justicialista del Dr. Augusto Fischer.<\/div>\n<div>\u00abCon el Partido venimos trabajando en el proyecto de recupar la Municipalidad desde antes que Augusto gane como Concejal. Con su rotundo triunfo, la gente se manifest\u00f3, los compa\u00f1eros del Partido tambi\u00e9n, y no hay dudas de que la persona id\u00f3nea para llevar adelante la transformaci\u00f3n que Armstrong necesita, y llevar al Partido Justicialista a la victoria, es Augusto Fischer. \u00c9l tiene mi total acompa\u00f1amiento\u00bb, afirm\u00f3 el Senador.<\/div>\n<div>\u00abEl permanente contacto que tenemos, nos permite planificar futuras pol\u00edticas a partir del trabajo en conjunto de municipio, provincia y naci\u00f3n. Estamos trabajando en equipo con su Plan de Gobierno\u00bb.<\/div>\n<div>Y para finalizar agreg\u00f3: \u00abDesde que arrancamos este proyecto con Augusto como conductor, siempre lo alent\u00e9 a continuar trabajando por Armstrong con toda la fuerza, el coraje y la rectitud que demuestra y demostr\u00f3 a lo largo de su vida pol\u00edtica\u00bb.<\/div>\n","protected":false},"excerpt":{"rendered":"<p>Consultado por los medios locales respecto a qui\u00e9n va a ser el candidato que va a apoyar en las pr\u00f3ximas elecciones a Intendente en Armstrong, el actual Senador Provincial expres\u00f3 su absoluto apoyo a la candidatura justicialista del Dr. Augusto Fischer. \u00abCon el Partido venimos trabajando en el proyecto de recupar la Municipalidad desde antes <a href=\"https:\/\/armstrongyregion.com.ar\/diario\/cornaglia-manifesto-su-total-apoyo-a-la-candidatura-de-augusto-fischer\/\" title=\"Read more\" >&#8230;<\/a><\/p>\n","protected":false},"author":1,"featured_media":12067,"comment_status":"open","ping_status":"open","sticky":false,"template":"","format":"standard","meta":{"_jetpack_memberships_contains_paid_content":false,"footnotes":"","jetpack_publicize_message":"","jetpack_publicize_feature_enabled":true,"jetpack_social_post_already_shared":false,"jetpack_social_options":{"image_generator_settings":{"template":"highway","default_image_id":0,"enabled":false},"version":2}},"categories":[8,1,2,7],"tags":[20,5160,388,5161,13],"class_list":["post-12066","post","type-post","status-publish","format-standard","has-post-thumbnail","hentry","category-deliberando","category-diario-armstrong","category-locales","category-politica","tag-armstrong","tag-cornaglia-manifesto-su-total-apoyo-a-la-candidatura-de-au","tag-region-2","tag-usto-fischer","tag-y"],"jetpack_publicize_connections":[],"jetpack_featured_media_url":"https:\/\/armstrongyregion.com.ar\/diario\/wp-content\/uploads\/2017\/03\/Cornaglia-Fischer-.jpg","jetpack_shortlink":"https:\/\/wp.me\/p62QDO-38C","jetpack_sharing_enabled":true,"amp_enabled":true,"_links":{"self":[{"href":"https:\/\/armstrongyregion.com.ar\/diario\/wp-json\/wp\/v2\/posts\/12066","targetHints":{"allow":["GET"]}}],"collection":[{"href":"https:\/\/armstrongyregion.com.ar\/diario\/wp-json\/wp\/v2\/posts"}],"about":[{"href":"https:\/\/armstrongyregion.com.ar\/diario\/wp-json\/wp\/v2\/types\/post"}],"author":[{"embeddable":true,"href":"https:\/\/armstrongyregion.com.ar\/diario\/wp-json\/wp\/v2\/users\/1"}],"replies":[{"embeddable":true,"href":"https:\/\/armstrongyregion.com.ar\/diario\/wp-json\/wp\/v2\/comments?post=12066"}],"version-history":[{"count":0,"href":"https:\/\/armstrongyregion.com.ar\/diario\/wp-json\/wp\/v2\/posts\/12066\/revisions"}],"wp:featuredmedia":[{"embeddable":true,"href":"https:\/\/armstrongyregion.com.ar\/diario\/wp-json\/wp\/v2\/media\/12067"}],"wp:attachment":[{"href":"https:\/\/armstrongyregion.com.ar\/diario\/wp-json\/wp\/v2\/media?parent=12066"}],"wp:term":[{"taxonomy":"category","embeddable":true,"href":"https:\/\/armstrongyregion.com.ar\/diario\/wp-json\/wp\/v2\/categories?post=12066"},{"taxonomy":"post_tag","embeddable":true,"href":"https:\/\/armstrongyregion.com.ar\/diario\/wp-json\/wp\/v2\/tags?post=12066"}],"curies":[{"name":"wp","href":"https:\/\/api.w.org\/{rel}","templated":true}]}}