{"id":12029,"date":"2017-03-14T13:35:21","date_gmt":"2017-03-14T13:35:21","guid":{"rendered":"https:\/\/armstrongyregion.com.ar\/diario\/?p=12029"},"modified":"2017-03-14T13:35:21","modified_gmt":"2017-03-14T13:35:21","slug":"el-concejo-de-armstrong-hoy-no-sesiona-en-apoyo-al-reclamo-salarial","status":"publish","type":"post","link":"https:\/\/armstrongyregion.com.ar\/diario\/el-concejo-de-armstrong-hoy-no-sesiona-en-apoyo-al-reclamo-salarial\/","title":{"rendered":"El concejo de Armstrong hoy no sesiona en apoyo al reclamo salarial."},"content":{"rendered":"<p><a href=\"http:\/\/armstrongyregion.com.ar\/diario\/wp-content\/uploads\/2016\/08\/Concejo-Deliberante-2.jpg\"><img loading=\"lazy\" decoding=\"async\" class=\"alignnone size-medium wp-image-9385\" src=\"http:\/\/armstrongyregion.com.ar\/diario\/wp-content\/uploads\/2016\/08\/Concejo-Deliberante-2-300x198.jpg\" alt=\"Concejo-Deliberante-\" width=\"300\" height=\"198\" srcset=\"https:\/\/armstrongyregion.com.ar\/diario\/wp-content\/uploads\/2016\/08\/Concejo-Deliberante-2-300x198.jpg 300w, https:\/\/armstrongyregion.com.ar\/diario\/wp-content\/uploads\/2016\/08\/Concejo-Deliberante-2.jpg 768w\" sizes=\"auto, (max-width: 300px) 100vw, 300px\" \/><\/a>El Concejo Municipal de la ciudad de Armstrong, comunica que la sesi\u00f3n del d\u00eda de la fecha no se llevar\u00e1 a cabo, debido a que en la reuni\u00f3n de comisiones de anoche, lunes 13 de Marzo, se decidi\u00f3 apoyar a los empleados municipales en su reclamo salarial. Por lo tanto las sesiones ordinarias dar\u00e1n comienzo el d\u00eda martes 21 de Marzo a las 20.00 hs.<\/p>\n","protected":false},"excerpt":{"rendered":"<p>El Concejo Municipal de la ciudad de Armstrong, comunica que la sesi\u00f3n del d\u00eda de la fecha no se llevar\u00e1 a cabo, debido a que en la reuni\u00f3n de comisiones de anoche, lunes 13 de Marzo, se decidi\u00f3 apoyar a los empleados municipales en su reclamo salarial. Por lo tanto las sesiones ordinarias dar\u00e1n comienzo <a href=\"https:\/\/armstrongyregion.com.ar\/diario\/el-concejo-de-armstrong-hoy-no-sesiona-en-apoyo-al-reclamo-salarial\/\" title=\"Read more\" >&#8230;<\/a><\/p>\n","protected":false},"author":1,"featured_media":8425,"comment_status":"open","ping_status":"open","sticky":false,"template":"","format":"standard","meta":{"_jetpack_memberships_contains_paid_content":false,"footnotes":"","jetpack_publicize_message":"","jetpack_publicize_feature_enabled":true,"jetpack_social_post_already_shared":false,"jetpack_social_options":{"image_generator_settings":{"template":"highway","default_image_id":0,"enabled":false},"version":2}},"categories":[8,1,2,3],"tags":[5146],"class_list":["post-12029","post","type-post","status-publish","format-standard","has-post-thumbnail","hentry","category-deliberando","category-diario-armstrong","category-locales","category-region","tag-el-concejo-de-armstrong-hoy-no-sesiona-en-apoyo-al-paro-municipal"],"jetpack_publicize_connections":[],"jetpack_featured_media_url":"https:\/\/armstrongyregion.com.ar\/diario\/wp-content\/uploads\/2016\/06\/Concejo-Deliberante-.jpg","jetpack_shortlink":"https:\/\/wp.me\/p62QDO-381","jetpack_sharing_enabled":true,"amp_enabled":true,"_links":{"self":[{"href":"https:\/\/armstrongyregion.com.ar\/diario\/wp-json\/wp\/v2\/posts\/12029","targetHints":{"allow":["GET"]}}],"collection":[{"href":"https:\/\/armstrongyregion.com.ar\/diario\/wp-json\/wp\/v2\/posts"}],"about":[{"href":"https:\/\/armstrongyregion.com.ar\/diario\/wp-json\/wp\/v2\/types\/post"}],"author":[{"embeddable":true,"href":"https:\/\/armstrongyregion.com.ar\/diario\/wp-json\/wp\/v2\/users\/1"}],"replies":[{"embeddable":true,"href":"https:\/\/armstrongyregion.com.ar\/diario\/wp-json\/wp\/v2\/comments?post=12029"}],"version-history":[{"count":0,"href":"https:\/\/armstrongyregion.com.ar\/diario\/wp-json\/wp\/v2\/posts\/12029\/revisions"}],"wp:featuredmedia":[{"embeddable":true,"href":"https:\/\/armstrongyregion.com.ar\/diario\/wp-json\/wp\/v2\/media\/8425"}],"wp:attachment":[{"href":"https:\/\/armstrongyregion.com.ar\/diario\/wp-json\/wp\/v2\/media?parent=12029"}],"wp:term":[{"taxonomy":"category","embeddable":true,"href":"https:\/\/armstrongyregion.com.ar\/diario\/wp-json\/wp\/v2\/categories?post=12029"},{"taxonomy":"post_tag","embeddable":true,"href":"https:\/\/armstrongyregion.com.ar\/diario\/wp-json\/wp\/v2\/tags?post=12029"}],"curies":[{"name":"wp","href":"https:\/\/api.w.org\/{rel}","templated":true}]}}