{"id":12020,"date":"2017-03-13T14:55:00","date_gmt":"2017-03-13T14:55:00","guid":{"rendered":"https:\/\/armstrongyregion.com.ar\/diario\/?p=12020"},"modified":"2017-03-13T14:55:00","modified_gmt":"2017-03-13T14:55:00","slug":"miguel-solis-estamos-junto-a-los-trabajadores","status":"publish","type":"post","link":"https:\/\/armstrongyregion.com.ar\/diario\/miguel-solis-estamos-junto-a-los-trabajadores\/","title":{"rendered":"Miguel Sol\u00eds: \u00abEstamos junto a los trabajadores\u00bb."},"content":{"rendered":"<p><a href=\"http:\/\/armstrongyregion.com.ar\/diario\/wp-content\/uploads\/2017\/03\/Miguel-Sancor-1-.jpg\"><img loading=\"lazy\" decoding=\"async\" class=\"alignnone size-medium wp-image-12021\" src=\"http:\/\/armstrongyregion.com.ar\/diario\/wp-content\/uploads\/2017\/03\/Miguel-Sancor-1--300x169.jpg\" alt=\"Miguel-Sancor-1-\" width=\"300\" height=\"169\" srcset=\"https:\/\/armstrongyregion.com.ar\/diario\/wp-content\/uploads\/2017\/03\/Miguel-Sancor-1--300x169.jpg 300w, https:\/\/armstrongyregion.com.ar\/diario\/wp-content\/uploads\/2017\/03\/Miguel-Sancor-1--1024x577.jpg 1024w, https:\/\/armstrongyregion.com.ar\/diario\/wp-content\/uploads\/2017\/03\/Miguel-Sancor-1-.jpg 1280w\" sizes=\"auto, (max-width: 300px) 100vw, 300px\" \/><\/a>La Comisi\u00f3n De Asuntos Laborales, Gremiales y de Previsi\u00f3n de La C\u00e1mara De Diputados de Santa Fe, encabezada por su presidente Miguel Solis, se constituy\u00f3 en la localidad de Centeno y tom\u00f3 contacto directo con los 65 trabajadores para conocer la situaci\u00f3n actual de la planta que SANCOR posee en esa localidad y que se encuentra paralizada.<\/p>\n<p>Los empleados fueron notificados por la cooperativa el d\u00eda lunes 6 de marzo que la planta cesar\u00eda todo tipo de actividad productiva por 30 d\u00edas, forz\u00e1ndolos a tomar vacaciones y licencias especiales, generando una enorme incertidumbre hacia el futuro.<\/p>\n<p>El socialista Miguel Solis expres\u00f3 que \u201c<em>ven\u00edan a dialogar con los trabajadores y a escuchar de boca de ellos cual es la problem\u00e1tica por la cual est\u00e1n atravesando, ya que la informaci\u00f3n period\u00edstica es confusa\u201d<\/em>. Manifest\u00f3 su apoyo y solidaridad para con los trabajadores y se comprometi\u00f3 a realizar las gestiones que est\u00e9n al alcance de la C\u00e1mara de Diputados para defender las fuentes laborales y la permanencia de la empresa en dicha localidad, ya que de cerrarse la misma ser\u00eda un golpe social profundo para la localidad de Centeno y su zona. Tambi\u00e9n defendi\u00f3 los valores cooperativistas sobre los que se asienta la empresa.<\/p>\n<p>Por su parte la Diputada Ver\u00f3nica Benas(PARES-FPCyS) expres\u00f3 \u201c<em>que se hab\u00eda solicitado una reuni\u00f3n con los directivos de la cooperativa y dirigentes gremiales en Sunchales y no hubo ning\u00fan tipo de respuesta\u201d.<\/em><\/p>\n<p>La planta cuenta con 65 trabajadores, procesa un total de 185.000 litros de leche por d\u00eda y elabora quesos tales como mozzarella, en barra tipo danbo y queso parrillero o provoleta. Las instalaciones est\u00e1n habilitadas para la exportaci\u00f3n y contaba con pedidos de Chile, \u00a0Bolivia, Paraguay otros pa\u00edses Latinoam\u00e9rica. Es una de las plantas con mayor productividad, no muestra balances negativos y est\u00e1 un 20% por encima del rendimiento proyectado.<\/p>\n<p>Los trabajadores expresaron que a\u00fan le deben parte del sueldo de enero de 2017 a los de mayor antig\u00fcedad y que el resto, recibi\u00f3 en marzo un dep\u00f3sito de $5.000 en concepto de pago a cuenta Febrero 2017. Asimismo, dejaron en claro que la planta no est\u00e1 tomada, que la ruta n\u00ba 34 no est\u00e1 cortada y que permanecer\u00e1n movilizados pac\u00edficamente fuera de la planta a la espera de una respuesta.<\/p>\n<p>Ante este cuadro de situaci\u00f3n los legisladores <em>Germ\u00e1n Bacarella<\/em><em>,<\/em> Ver\u00f3nica Benas, Claudia Moyano y el presidente de la Comisi\u00f3n de Asuntos Laborales Miguel Sol\u00eds, manifestaron su solidaridad con los trabajadores, se comprometieron a poner todo su esfuerzo en mantener las fuentes de trabajo y respaldarlos mediante un proyecto consensuado por las diferentes representaciones pol\u00edticas que conforman dicha comisi\u00f3n legislativa.<\/p>\n","protected":false},"excerpt":{"rendered":"<p>La Comisi\u00f3n De Asuntos Laborales, Gremiales y de Previsi\u00f3n de La C\u00e1mara De Diputados de Santa Fe, encabezada por su presidente Miguel Solis, se constituy\u00f3 en la localidad de Centeno y tom\u00f3 contacto directo con los 65 trabajadores para conocer la situaci\u00f3n actual de la planta que SANCOR posee en esa localidad y que se <a href=\"https:\/\/armstrongyregion.com.ar\/diario\/miguel-solis-estamos-junto-a-los-trabajadores\/\" title=\"Read more\" >&#8230;<\/a><\/p>\n","protected":false},"author":1,"featured_media":12021,"comment_status":"open","ping_status":"open","sticky":false,"template":"","format":"standard","meta":{"_jetpack_memberships_contains_paid_content":false,"footnotes":"","jetpack_publicize_message":"","jetpack_publicize_feature_enabled":true,"jetpack_social_post_already_shared":false,"jetpack_social_options":{"image_generator_settings":{"template":"highway","default_image_id":0,"enabled":false},"version":2}},"categories":[1,2,7,3],"tags":[20,5143,388,13],"class_list":["post-12020","post","type-post","status-publish","format-standard","has-post-thumbnail","hentry","category-diario-armstrong","category-locales","category-politica","category-region","tag-armstrong","tag-miguel-solis-estamos-junto-a-los-trabajadores","tag-region-2","tag-y"],"jetpack_publicize_connections":[],"jetpack_featured_media_url":"https:\/\/armstrongyregion.com.ar\/diario\/wp-content\/uploads\/2017\/03\/Miguel-Sancor-1-.jpg","jetpack_shortlink":"https:\/\/wp.me\/p62QDO-37S","jetpack_sharing_enabled":true,"amp_enabled":true,"_links":{"self":[{"href":"https:\/\/armstrongyregion.com.ar\/diario\/wp-json\/wp\/v2\/posts\/12020","targetHints":{"allow":["GET"]}}],"collection":[{"href":"https:\/\/armstrongyregion.com.ar\/diario\/wp-json\/wp\/v2\/posts"}],"about":[{"href":"https:\/\/armstrongyregion.com.ar\/diario\/wp-json\/wp\/v2\/types\/post"}],"author":[{"embeddable":true,"href":"https:\/\/armstrongyregion.com.ar\/diario\/wp-json\/wp\/v2\/users\/1"}],"replies":[{"embeddable":true,"href":"https:\/\/armstrongyregion.com.ar\/diario\/wp-json\/wp\/v2\/comments?post=12020"}],"version-history":[{"count":0,"href":"https:\/\/armstrongyregion.com.ar\/diario\/wp-json\/wp\/v2\/posts\/12020\/revisions"}],"wp:featuredmedia":[{"embeddable":true,"href":"https:\/\/armstrongyregion.com.ar\/diario\/wp-json\/wp\/v2\/media\/12021"}],"wp:attachment":[{"href":"https:\/\/armstrongyregion.com.ar\/diario\/wp-json\/wp\/v2\/media?parent=12020"}],"wp:term":[{"taxonomy":"category","embeddable":true,"href":"https:\/\/armstrongyregion.com.ar\/diario\/wp-json\/wp\/v2\/categories?post=12020"},{"taxonomy":"post_tag","embeddable":true,"href":"https:\/\/armstrongyregion.com.ar\/diario\/wp-json\/wp\/v2\/tags?post=12020"}],"curies":[{"name":"wp","href":"https:\/\/api.w.org\/{rel}","templated":true}]}}