{"id":12017,"date":"2017-03-13T14:48:20","date_gmt":"2017-03-13T14:48:20","guid":{"rendered":"https:\/\/armstrongyregion.com.ar\/diario\/?p=12017"},"modified":"2017-03-13T14:48:20","modified_gmt":"2017-03-13T14:48:20","slug":"armstrong-comunicado-consultas-anses","status":"publish","type":"post","link":"https:\/\/armstrongyregion.com.ar\/diario\/armstrong-comunicado-consultas-anses\/","title":{"rendered":"Armstrong. Comunicado consultas ANSES."},"content":{"rendered":"<p><a href=\"http:\/\/armstrongyregion.com.ar\/diario\/wp-content\/uploads\/2017\/03\/anses.jpg\"><img loading=\"lazy\" decoding=\"async\" class=\"alignnone size-medium wp-image-12018\" src=\"http:\/\/armstrongyregion.com.ar\/diario\/wp-content\/uploads\/2017\/03\/anses-300x182.jpg\" alt=\"anses-armstrong-y-region\" width=\"300\" height=\"182\" srcset=\"https:\/\/armstrongyregion.com.ar\/diario\/wp-content\/uploads\/2017\/03\/anses-300x182.jpg 300w, https:\/\/armstrongyregion.com.ar\/diario\/wp-content\/uploads\/2017\/03\/anses.jpg 768w\" sizes=\"auto, (max-width: 300px) 100vw, 300px\" \/><\/a>La Municipalidad de Armstrong informa que el d\u00eda jueves 16 de marzo, de 7 a 13 hs., personal de ANSES estar\u00e1 realizando su visita mensual en el sal\u00f3n auditorio Delmo Dar\u00f3 recibiendo consultas.<\/p>\n<p>Los interesados en asistir deber\u00e1n inscribirse con anticipaci\u00f3n en mesa de entrada del municipio. S\u00f3lo se atender\u00e1n turnos.<\/p>\n<p>Muchas gracias.<\/p>\n","protected":false},"excerpt":{"rendered":"<p>La Municipalidad de Armstrong informa que el d\u00eda jueves 16 de marzo, de 7 a 13 hs., personal de ANSES estar\u00e1 realizando su visita mensual en el sal\u00f3n auditorio Delmo Dar\u00f3 recibiendo consultas. Los interesados en asistir deber\u00e1n inscribirse con anticipaci\u00f3n en mesa de entrada del municipio. S\u00f3lo se atender\u00e1n turnos. Muchas gracias.<\/p>\n","protected":false},"author":1,"featured_media":12018,"comment_status":"open","ping_status":"open","sticky":false,"template":"","format":"standard","meta":{"_jetpack_memberships_contains_paid_content":false,"footnotes":"","jetpack_publicize_message":"","jetpack_publicize_feature_enabled":true,"jetpack_social_post_already_shared":false,"jetpack_social_options":{"image_generator_settings":{"template":"highway","default_image_id":0,"enabled":false},"version":2}},"categories":[1,2,7],"tags":[5142,388,13],"class_list":["post-12017","post","type-post","status-publish","format-standard","has-post-thumbnail","hentry","category-diario-armstrong","category-locales","category-politica","tag-armstrong-comunicado-consultas-anses-armstrong","tag-region-2","tag-y"],"jetpack_publicize_connections":[],"jetpack_featured_media_url":"https:\/\/armstrongyregion.com.ar\/diario\/wp-content\/uploads\/2017\/03\/anses.jpg","jetpack_shortlink":"https:\/\/wp.me\/p62QDO-37P","jetpack_sharing_enabled":true,"amp_enabled":true,"_links":{"self":[{"href":"https:\/\/armstrongyregion.com.ar\/diario\/wp-json\/wp\/v2\/posts\/12017","targetHints":{"allow":["GET"]}}],"collection":[{"href":"https:\/\/armstrongyregion.com.ar\/diario\/wp-json\/wp\/v2\/posts"}],"about":[{"href":"https:\/\/armstrongyregion.com.ar\/diario\/wp-json\/wp\/v2\/types\/post"}],"author":[{"embeddable":true,"href":"https:\/\/armstrongyregion.com.ar\/diario\/wp-json\/wp\/v2\/users\/1"}],"replies":[{"embeddable":true,"href":"https:\/\/armstrongyregion.com.ar\/diario\/wp-json\/wp\/v2\/comments?post=12017"}],"version-history":[{"count":0,"href":"https:\/\/armstrongyregion.com.ar\/diario\/wp-json\/wp\/v2\/posts\/12017\/revisions"}],"wp:featuredmedia":[{"embeddable":true,"href":"https:\/\/armstrongyregion.com.ar\/diario\/wp-json\/wp\/v2\/media\/12018"}],"wp:attachment":[{"href":"https:\/\/armstrongyregion.com.ar\/diario\/wp-json\/wp\/v2\/media?parent=12017"}],"wp:term":[{"taxonomy":"category","embeddable":true,"href":"https:\/\/armstrongyregion.com.ar\/diario\/wp-json\/wp\/v2\/categories?post=12017"},{"taxonomy":"post_tag","embeddable":true,"href":"https:\/\/armstrongyregion.com.ar\/diario\/wp-json\/wp\/v2\/tags?post=12017"}],"curies":[{"name":"wp","href":"https:\/\/api.w.org\/{rel}","templated":true}]}}