{"id":12012,"date":"2017-03-13T14:18:14","date_gmt":"2017-03-13T14:18:14","guid":{"rendered":"https:\/\/armstrongyregion.com.ar\/diario\/?p=12012"},"modified":"2017-03-13T14:18:14","modified_gmt":"2017-03-13T14:18:14","slug":"comienza-otra-semana-atravesada-por-el-conflicto-docente","status":"publish","type":"post","link":"https:\/\/armstrongyregion.com.ar\/diario\/comienza-otra-semana-atravesada-por-el-conflicto-docente\/","title":{"rendered":"Comienza otra semana atravesada por el conflicto docente."},"content":{"rendered":"<p><a href=\"http:\/\/armstrongyregion.com.ar\/diario\/wp-content\/uploads\/2017\/03\/paro_docente.jpg_1305449671.jpg\"><img loading=\"lazy\" decoding=\"async\" class=\"alignnone size-medium wp-image-11920\" src=\"http:\/\/armstrongyregion.com.ar\/diario\/wp-content\/uploads\/2017\/03\/paro_docente.jpg_1305449671-300x169.jpg\" alt=\"paro_docente.jpg_1305449671\" width=\"300\" height=\"169\" srcset=\"https:\/\/armstrongyregion.com.ar\/diario\/wp-content\/uploads\/2017\/03\/paro_docente.jpg_1305449671-300x169.jpg 300w, https:\/\/armstrongyregion.com.ar\/diario\/wp-content\/uploads\/2017\/03\/paro_docente.jpg_1305449671.jpg 847w\" sizes=\"auto, (max-width: 300px) 100vw, 300px\" \/><\/a>Este mi\u00e9rcoles y jueves las escuelas de la ciudad no recibir\u00e1n alumnos. Y las facultades tampoco. Tanto Conadu como Conadu Hist\u00f3rica emitieron comunicados de adhesi\u00f3n a la medida de fuerza resuelta por Ctera. Este lunes decide Coad.<\/p>\n<p>Despu\u00e9s de una semana de paros y movilizaciones, este lunes arranca otra muy similar. Este mi\u00e9rcoles y jueves las escuelas de la ciudad no recibir\u00e1n alumnos. Y las facultades tampoco. Tanto Conadu como Conadu Hist\u00f3rica emitieron comunicados de adhesi\u00f3n a la medida de fuerza resuelta por Confederaci\u00f3n de Trabajadores de la Educaci\u00f3n (Ctera). Falta conocer la resoluci\u00f3n de Coad.<\/p>\n<p>Y el panorama no es alentador. Esto expres\u00f3 la secretaria general de Ctera, Sonia Alesso, en contacto con <em>Radi\u00f3polis<\/em>, el programa que conduce Roberto Caferra por Radio 2.<\/p>\n<p>La dirigente gremial no se mostr\u00f3 optimista respecto de las negociaciones con la provincia que se reanudaban este lunes e hizo un fuerte llamado de atenci\u00f3n al gobernador Miguel Lifschitz: \u201cEn vez de escudarse en la paritria nacional los gobernadores deber\u00edan exigirle a Nacion que no les toquen los fondos que les corresponden\u201d.<\/p>\n<p>Ctera convoc\u00f3 este viernes a un paro nacional y jornada de protesta docente de 48 horas para el pr\u00f3ximo mi\u00e9rcoles 15 y jueves 16 y una marcha federal educativa para el 21 y 22 de marzo, en rechazo a las propuestas de incremento salarial en las provincias y por la falta de una convocatoria a una paritaria nacional.<\/p>\n<p>La medida coincide con las huelgas que a nivel provincial hab\u00edan definido los gremios de maestros p\u00fablicos agrupados en Amsaf\u00e9 y los particulares de Sadop. Luego se sumaron los gremios universitarios, Conadu, y Conadu Hist\u00f3rica. Este lunes Coad decid\u00eda si adher\u00eda o no.<\/p>\n<p>Rosario3.com<\/p>\n","protected":false},"excerpt":{"rendered":"<p>Este mi\u00e9rcoles y jueves las escuelas de la ciudad no recibir\u00e1n alumnos. Y las facultades tampoco. Tanto Conadu como Conadu Hist\u00f3rica emitieron comunicados de adhesi\u00f3n a la medida de fuerza resuelta por Ctera. Este lunes decide Coad. Despu\u00e9s de una semana de paros y movilizaciones, este lunes arranca otra muy similar. Este mi\u00e9rcoles y jueves <a href=\"https:\/\/armstrongyregion.com.ar\/diario\/comienza-otra-semana-atravesada-por-el-conflicto-docente\/\" title=\"Read more\" >&#8230;<\/a><\/p>\n","protected":false},"author":1,"featured_media":11920,"comment_status":"open","ping_status":"open","sticky":false,"template":"","format":"standard","meta":{"_jetpack_memberships_contains_paid_content":false,"footnotes":"","jetpack_publicize_message":"","jetpack_publicize_feature_enabled":true,"jetpack_social_post_already_shared":false,"jetpack_social_options":{"image_generator_settings":{"template":"highway","default_image_id":0,"enabled":false},"version":2}},"categories":[6,1,2,7,3],"tags":[1845,20,5140,13],"class_list":["post-12012","post","type-post","status-publish","format-standard","has-post-thumbnail","hentry","category-cultura-entretenimiento","category-diario-armstrong","category-locales","category-politica","category-region","tag-educacion","tag-armstrong","tag-comienza-otra-semana-atravesada-por-el-conflicto-docente","tag-y"],"jetpack_publicize_connections":[],"jetpack_featured_media_url":"https:\/\/armstrongyregion.com.ar\/diario\/wp-content\/uploads\/2017\/03\/paro_docente.jpg_1305449671.jpg","jetpack_shortlink":"https:\/\/wp.me\/p62QDO-37K","jetpack_sharing_enabled":true,"amp_enabled":true,"_links":{"self":[{"href":"https:\/\/armstrongyregion.com.ar\/diario\/wp-json\/wp\/v2\/posts\/12012","targetHints":{"allow":["GET"]}}],"collection":[{"href":"https:\/\/armstrongyregion.com.ar\/diario\/wp-json\/wp\/v2\/posts"}],"about":[{"href":"https:\/\/armstrongyregion.com.ar\/diario\/wp-json\/wp\/v2\/types\/post"}],"author":[{"embeddable":true,"href":"https:\/\/armstrongyregion.com.ar\/diario\/wp-json\/wp\/v2\/users\/1"}],"replies":[{"embeddable":true,"href":"https:\/\/armstrongyregion.com.ar\/diario\/wp-json\/wp\/v2\/comments?post=12012"}],"version-history":[{"count":0,"href":"https:\/\/armstrongyregion.com.ar\/diario\/wp-json\/wp\/v2\/posts\/12012\/revisions"}],"wp:featuredmedia":[{"embeddable":true,"href":"https:\/\/armstrongyregion.com.ar\/diario\/wp-json\/wp\/v2\/media\/11920"}],"wp:attachment":[{"href":"https:\/\/armstrongyregion.com.ar\/diario\/wp-json\/wp\/v2\/media?parent=12012"}],"wp:term":[{"taxonomy":"category","embeddable":true,"href":"https:\/\/armstrongyregion.com.ar\/diario\/wp-json\/wp\/v2\/categories?post=12012"},{"taxonomy":"post_tag","embeddable":true,"href":"https:\/\/armstrongyregion.com.ar\/diario\/wp-json\/wp\/v2\/tags?post=12012"}],"curies":[{"name":"wp","href":"https:\/\/api.w.org\/{rel}","templated":true}]}}