{"id":12006,"date":"2017-03-13T02:23:42","date_gmt":"2017-03-13T02:23:42","guid":{"rendered":"https:\/\/armstrongyregion.com.ar\/diario\/?p=12006"},"modified":"2017-03-13T02:23:42","modified_gmt":"2017-03-13T02:23:42","slug":"vecinos-de-roldan-presentaran-un-amparo-contra-las-fumigaciones","status":"publish","type":"post","link":"https:\/\/armstrongyregion.com.ar\/diario\/vecinos-de-roldan-presentaran-un-amparo-contra-las-fumigaciones\/","title":{"rendered":"Vecinos de Rold\u00e1n presentar\u00e1n un amparo contra las fumigaciones."},"content":{"rendered":"<p><a href=\"http:\/\/armstrongyregion.com.ar\/diario\/wp-content\/uploads\/2017\/03\/Fumigaciones-armstrong-y-region-.jpg\"><img loading=\"lazy\" decoding=\"async\" class=\"alignnone size-medium wp-image-12007\" src=\"http:\/\/armstrongyregion.com.ar\/diario\/wp-content\/uploads\/2017\/03\/Fumigaciones-armstrong-y-region--300x169.jpg\" alt=\"Fumigaciones-armstrong-y-region-\" width=\"300\" height=\"169\" srcset=\"https:\/\/armstrongyregion.com.ar\/diario\/wp-content\/uploads\/2017\/03\/Fumigaciones-armstrong-y-region--300x169.jpg 300w, https:\/\/armstrongyregion.com.ar\/diario\/wp-content\/uploads\/2017\/03\/Fumigaciones-armstrong-y-region-.jpg 768w\" sizes=\"auto, (max-width: 300px) 100vw, 300px\" \/><\/a>Pedir\u00e1n a la Justicia que establezca un l\u00edmite de 500 metros de las viviendas para la aplicaci\u00f3n por v\u00eda terrestre de agrot\u00f3xicos.<\/p>\n<p>Un\u00a0grupo de vecinales de la ciudad de Rold\u00e1n decidieron acudir a la Justicia para frenar las fumigaciones con agroqu\u00edmicos que padecen muchos barrios desde hace a\u00f1os, una situaci\u00f3n que fue denunciada ante el gobierno local sin ning\u00fan tipo de respuesta hasta el momento.<\/p>\n<p align=\"justify\">La inacci\u00f3n de las autoridades roldanenses y la persistencia en las pr\u00e1cticas indiscriminadas de fumigaci\u00f3n en campos linderos a zonas cada vez m\u00e1s pobladas llevaron a los vecinos a iniciar acciones legales a trav\u00e9s de la presentaci\u00f3n de un amparo ambiental colectivo que ser\u00e1 formalizado en un plazo no mayor a los 60 d\u00edas.<\/p>\n<p align=\"justify\">As\u00ed lo informaron tanto los abogados que llevar\u00e1n la causa como los vecinalistas, que adem\u00e1s explicaron que durante ese tiempo (los pr\u00f3ximos dos meses) habr\u00e1 una campa\u00f1a de concientizaci\u00f3n sobre la problem\u00e1tica de las fumigaciones con la idea de sumar adhesiones de vecinos al amparo.<\/p>\n<p align=\"justify\">El recurso, que se presentar\u00e1 ante Tribunales rosarinos, buscar\u00e1 establecer un l\u00edmite de al menos 500 metros para las fumigaciones terrestres, y de 3.000 metros para las aspersiones a\u00e9reas.<\/p>\n<p align=\"justify\">Todo eso se discuti\u00f3 el fin de semana pasado en una concurrida reuni\u00f3n de vecinos realizada en una de las plazas del barrio abierto Las Tardes, ubicada a pocos metros de un campo cuyo propietario \u2014seg\u00fan afirm\u00f3 Nito Longo, uno de los organizadores\u2014 \u00abno deja de fumigar peri\u00f3dicamente sin cumplimiento de ninguna norma\u00bb.<\/p>\n<p align=\"justify\">En la reuni\u00f3n se record\u00f3 que las denuncias sobre las fumigaciones indiscriminadas que padecen esos barrios comenzaron en enero de 2015, a lo que sigui\u00f3 el rechazo al di\u00e1logo por parte del Concejo Municipal de esa ciudad y la negativa a atender el tema por parte del Ejecutivo roldanense, enumer\u00f3 Longo.<\/p>\n<p align=\"justify\">Hace pocas semanas, todos los diputados provinciales que componen la comisi\u00f3n de Medio Ambiente de la Legislatura santafesina estuvieron en Rold\u00e1n reunidos con los representantes de las 11 vecinales y habitantes de esos barrios, tras lo cual el diputado Carlos del Frade present\u00f3 un pedido de informes ante esa C\u00e1mara.<\/p>\n<p align=\"justify\">Tras esa serie de encuentros y ante la falta total de respuesta por parte del gobierno local los vecinos decidieron avanzar con un amparo colectivo, medida que impulsar\u00e1 el grupo de abogados Causa.<\/p>\n<p align=\"justify\"><strong>Estrategia legal<\/strong><\/p>\n<p align=\"justify\">Seg\u00fan explic\u00f3 Lautaro Gieco, uno de los letrados patrocinantes, la idea es sumar voluntades de todo Rold\u00e1n ya que entienden que \u00abtodos los barrios est\u00e1n afectados por este problema\u00bb.<\/p>\n<p align=\"justify\">Para eso van a trabajar con principios constitucionales y normas del derecho internacional que protegen el medioambiente como un derecho humano, y puntualmente ir\u00e1n contra una ordenanza municipal de Rold\u00e1n que permite fumigar a partir de los 100 metros del l\u00edmite con la ciudad, algo que entienden va contra jurisprudencia que ya existe que estipula l\u00edmites m\u00e1s amplios.<\/p>\n<p align=\"justify\">\u00abLa ordenanza se basa en una ley provincial bastante ambigua que da la potestad a los municipios de fijar esos l\u00edmites, pero hay evidencia de que 100 metros son absolutamente insuficientes\u00bb, se\u00f1al\u00f3.<\/p>\n<p align=\"justify\">En base a estos argumentos, el amparo pedir\u00e1 un l\u00edmite de al menos 500 metros para fumigaciones terrestres, y de 3.000 metros para aspersiones a\u00e9reas: \u00abEse es nuestro piso, lo m\u00ednimo que exigiremos\u00bb, concluy\u00f3 Gieco.<\/p>\n<p align=\"justify\"><strong>Peajes<\/strong><\/p>\n<p align=\"justify\">Otro actor social que se considera perjudicado por las fumigaciones indiscriminadas son los trabajadores de los peajes, en muchos casos expuestos al tener que trabajar en rutas que atraviesan zonas rurales.<\/p>\n<p align=\"justify\">Por eso desde el Sutravi (Sindicato de Trabajadores Viales) pidieron una reuni\u00f3n con Cesar Mackler, secretario de Medio Ambiente, a quien le expresaron la preocupaci\u00f3n de quienes trabajan en cabinas en su mayor\u00eda situadas en zonas rurales.<\/p>\n<p align=\"justify\">Desde el gremio indicaron que la provincia se comprometi\u00f3 a trabajar con el Comit\u00e9 Interministerial de Salud Ambiental a nivel legislativo para impulsar una norma que declare \u00abzona libre de fumigaci\u00f3n\u00bb las \u00e1reas donde se emplacen las cabinas.<\/p>\n<div class=\"author-avatar \"><img decoding=\"async\" title=\"Jorgelina Hiba \/ La Capital\" src=\"http:\/\/static.lacapital.com.ar\/adjuntos\/203\/autores\/011\/726\/0011726842.jpg\" alt=\"Jorgelina Hiba \/ La Capital\" \/><\/div>\n<div class=\"author-data\">\n<div class=\"author-title\">por Jorgelina Hiba \/ La Capital.<\/div>\n<div class=\"author-title\"><\/div>\n<\/div>\n","protected":false},"excerpt":{"rendered":"<p>Pedir\u00e1n a la Justicia que establezca un l\u00edmite de 500 metros de las viviendas para la aplicaci\u00f3n por v\u00eda terrestre de agrot\u00f3xicos. Un\u00a0grupo de vecinales de la ciudad de Rold\u00e1n decidieron acudir a la Justicia para frenar las fumigaciones con agroqu\u00edmicos que padecen muchos barrios desde hace a\u00f1os, una situaci\u00f3n que fue denunciada ante el <a href=\"https:\/\/armstrongyregion.com.ar\/diario\/vecinos-de-roldan-presentaran-un-amparo-contra-las-fumigaciones\/\" title=\"Read more\" >&#8230;<\/a><\/p>\n","protected":false},"author":1,"featured_media":12007,"comment_status":"open","ping_status":"open","sticky":false,"template":"","format":"standard","meta":{"_jetpack_memberships_contains_paid_content":false,"footnotes":"","jetpack_publicize_message":"","jetpack_publicize_feature_enabled":true,"jetpack_social_post_already_shared":false,"jetpack_social_options":{"image_generator_settings":{"template":"highway","default_image_id":0,"enabled":false},"version":2}},"categories":[8,1,2,7,4,3],"tags":[20,388,5138,13],"class_list":["post-12006","post","type-post","status-publish","format-standard","has-post-thumbnail","hentry","category-deliberando","category-diario-armstrong","category-locales","category-politica","category-prevencion-salud","category-region","tag-armstrong","tag-region-2","tag-vecinos-de-roldan-presentaran-un-amparo-contra-las-fumigaciones","tag-y"],"jetpack_publicize_connections":[],"jetpack_featured_media_url":"https:\/\/armstrongyregion.com.ar\/diario\/wp-content\/uploads\/2017\/03\/Fumigaciones-armstrong-y-region-.jpg","jetpack_shortlink":"https:\/\/wp.me\/p62QDO-37E","jetpack_sharing_enabled":true,"amp_enabled":true,"_links":{"self":[{"href":"https:\/\/armstrongyregion.com.ar\/diario\/wp-json\/wp\/v2\/posts\/12006","targetHints":{"allow":["GET"]}}],"collection":[{"href":"https:\/\/armstrongyregion.com.ar\/diario\/wp-json\/wp\/v2\/posts"}],"about":[{"href":"https:\/\/armstrongyregion.com.ar\/diario\/wp-json\/wp\/v2\/types\/post"}],"author":[{"embeddable":true,"href":"https:\/\/armstrongyregion.com.ar\/diario\/wp-json\/wp\/v2\/users\/1"}],"replies":[{"embeddable":true,"href":"https:\/\/armstrongyregion.com.ar\/diario\/wp-json\/wp\/v2\/comments?post=12006"}],"version-history":[{"count":0,"href":"https:\/\/armstrongyregion.com.ar\/diario\/wp-json\/wp\/v2\/posts\/12006\/revisions"}],"wp:featuredmedia":[{"embeddable":true,"href":"https:\/\/armstrongyregion.com.ar\/diario\/wp-json\/wp\/v2\/media\/12007"}],"wp:attachment":[{"href":"https:\/\/armstrongyregion.com.ar\/diario\/wp-json\/wp\/v2\/media?parent=12006"}],"wp:term":[{"taxonomy":"category","embeddable":true,"href":"https:\/\/armstrongyregion.com.ar\/diario\/wp-json\/wp\/v2\/categories?post=12006"},{"taxonomy":"post_tag","embeddable":true,"href":"https:\/\/armstrongyregion.com.ar\/diario\/wp-json\/wp\/v2\/tags?post=12006"}],"curies":[{"name":"wp","href":"https:\/\/api.w.org\/{rel}","templated":true}]}}