{"id":11993,"date":"2017-03-11T17:54:38","date_gmt":"2017-03-11T17:54:38","guid":{"rendered":"https:\/\/armstrongyregion.com.ar\/diario\/?p=11993"},"modified":"2017-03-11T17:54:38","modified_gmt":"2017-03-11T17:54:38","slug":"la-provincia-realizara-obras-de-cordon-cuneta-en-la-localidad-de-villa-eloisa","status":"publish","type":"post","link":"https:\/\/armstrongyregion.com.ar\/diario\/la-provincia-realizara-obras-de-cordon-cuneta-en-la-localidad-de-villa-eloisa\/","title":{"rendered":"La provincia realizar\u00e1 obras de cord\u00f3n cuneta en la localidad de Villa Elo\u00edsa."},"content":{"rendered":"<p><a href=\"http:\/\/armstrongyregion.com.ar\/diario\/wp-content\/uploads\/2017\/03\/villa-eloisa.jpg\"><img loading=\"lazy\" decoding=\"async\" class=\"alignnone size-medium wp-image-11994\" src=\"http:\/\/armstrongyregion.com.ar\/diario\/wp-content\/uploads\/2017\/03\/villa-eloisa-300x225.jpg\" alt=\"villa eloisa\" width=\"300\" height=\"225\" srcset=\"https:\/\/armstrongyregion.com.ar\/diario\/wp-content\/uploads\/2017\/03\/villa-eloisa-300x225.jpg 300w, https:\/\/armstrongyregion.com.ar\/diario\/wp-content\/uploads\/2017\/03\/villa-eloisa.jpg 768w\" sizes=\"auto, (max-width: 300px) 100vw, 300px\" \/><\/a>A trav\u00e9s de una inversi\u00f3n provincial de $ 600.000, del Fondo de Obras Menores, entregado a esa localidad del departamento Iriondo.<\/p>\n<p>El subsecretario de Regiones, Municipios y Comunas, Lisandro D\u2019Anna, entreg\u00f3 este viernes un aporte del Fondo de Obras Menores de $ 600.000 a la comuna de Villa Elo\u00edsa, departamento Iriondo, \u00a0para ejecutar una obra de cord\u00f3n cuneta en la localidad.<\/p>\n<p>\u201cEstamos contentos de llegar a la localidad con aportes para que se lleven adelante obras importantes que mejoran la calidad de vida de los vecinos\u201d, expres\u00f3 el subsecretario luego de la entrega.<\/p>\n<p>Por su parte el presidente comunal de Villa Elo\u00edsa, \u200eMauricio Tartaglini destac\u00f3 \u201cla presencia del Estado provincial en lo que refiere a mi pueblo. Desde el mantenimiento y articulaci\u00f3n de toda la red de caminos secundarios y terciarios, hasta las obras como las que hoy nos toca recibir, como as\u00ed tambi\u00e9n el acompa\u00f1amiento a todos los gobiernos locales mediante la oportunidad del programa Equipar\u201d.<\/p>\n<p><strong>FONDO DE OBRAS MENORES<\/strong><br \/>\nEl Fondo de Obras Menores fue creado por la Ley Provincial N\u00b012.385 y modificatorias (Decreto Provincial 1123\/2008) para que los municipios de segunda categor\u00eda y comunas de la provincia puedan solicitar recursos para la construcci\u00f3n de obras y adquisici\u00f3n de equipamiento y rodados. \u00c9ste fondo ha sido revalorizado por el gobierno provincial en correspondencia con la decisi\u00f3n pol\u00edtica de acompa\u00f1ar y respaldar econ\u00f3micamente a los gobiernos locales.<\/p>\n<p>Mediante este trabajo conjunto se logra llevar adelante: obras de infraestructura como pavimentaci\u00f3n, bacheo, estabilizado, redes cloacales, alumbrado p\u00fablico, reparaciones de edificios p\u00fablicos y\/o adquirir maquinarias y veh\u00edculos, entre ellos tractores, motoniveladoras, camiones, que mejoran la calidad de vida de los santafesinos.<\/p>\n<p>Cabe destacar que el gobernador de la provincia, Miguel Lifschitz, durante el 2016 se comprometi\u00f3 a abonar la totalidad de la deuda del Fondos de Obras Menores y ya se destin\u00f3 m\u00e1s de $ 220.000.000.<\/p>\n","protected":false},"excerpt":{"rendered":"<p>A trav\u00e9s de una inversi\u00f3n provincial de $ 600.000, del Fondo de Obras Menores, entregado a esa localidad del departamento Iriondo. El subsecretario de Regiones, Municipios y Comunas, Lisandro D\u2019Anna, entreg\u00f3 este viernes un aporte del Fondo de Obras Menores de $ 600.000 a la comuna de Villa Elo\u00edsa, departamento Iriondo, \u00a0para ejecutar una obra <a href=\"https:\/\/armstrongyregion.com.ar\/diario\/la-provincia-realizara-obras-de-cordon-cuneta-en-la-localidad-de-villa-eloisa\/\" title=\"Read more\" >&#8230;<\/a><\/p>\n","protected":false},"author":1,"featured_media":11994,"comment_status":"open","ping_status":"open","sticky":false,"template":"","format":"standard","meta":{"_jetpack_memberships_contains_paid_content":false,"footnotes":"","jetpack_publicize_message":"","jetpack_publicize_feature_enabled":true,"jetpack_social_post_already_shared":false,"jetpack_social_options":{"image_generator_settings":{"template":"highway","default_image_id":0,"enabled":false},"version":2}},"categories":[1,7,3],"tags":[5133],"class_list":["post-11993","post","type-post","status-publish","format-standard","has-post-thumbnail","hentry","category-diario-armstrong","category-politica","category-region","tag-la-provincia-realizara-obras-de-cordon-cuneta-en-la-localidad-de-villa-eloisa"],"jetpack_publicize_connections":[],"jetpack_featured_media_url":"https:\/\/armstrongyregion.com.ar\/diario\/wp-content\/uploads\/2017\/03\/villa-eloisa.jpg","jetpack_shortlink":"https:\/\/wp.me\/p62QDO-37r","jetpack_sharing_enabled":true,"amp_enabled":true,"_links":{"self":[{"href":"https:\/\/armstrongyregion.com.ar\/diario\/wp-json\/wp\/v2\/posts\/11993","targetHints":{"allow":["GET"]}}],"collection":[{"href":"https:\/\/armstrongyregion.com.ar\/diario\/wp-json\/wp\/v2\/posts"}],"about":[{"href":"https:\/\/armstrongyregion.com.ar\/diario\/wp-json\/wp\/v2\/types\/post"}],"author":[{"embeddable":true,"href":"https:\/\/armstrongyregion.com.ar\/diario\/wp-json\/wp\/v2\/users\/1"}],"replies":[{"embeddable":true,"href":"https:\/\/armstrongyregion.com.ar\/diario\/wp-json\/wp\/v2\/comments?post=11993"}],"version-history":[{"count":0,"href":"https:\/\/armstrongyregion.com.ar\/diario\/wp-json\/wp\/v2\/posts\/11993\/revisions"}],"wp:featuredmedia":[{"embeddable":true,"href":"https:\/\/armstrongyregion.com.ar\/diario\/wp-json\/wp\/v2\/media\/11994"}],"wp:attachment":[{"href":"https:\/\/armstrongyregion.com.ar\/diario\/wp-json\/wp\/v2\/media?parent=11993"}],"wp:term":[{"taxonomy":"category","embeddable":true,"href":"https:\/\/armstrongyregion.com.ar\/diario\/wp-json\/wp\/v2\/categories?post=11993"},{"taxonomy":"post_tag","embeddable":true,"href":"https:\/\/armstrongyregion.com.ar\/diario\/wp-json\/wp\/v2\/tags?post=11993"}],"curies":[{"name":"wp","href":"https:\/\/api.w.org\/{rel}","templated":true}]}}