{"id":11975,"date":"2017-03-09T10:58:34","date_gmt":"2017-03-09T10:58:34","guid":{"rendered":"https:\/\/armstrongyregion.com.ar\/diario\/?p=11975"},"modified":"2017-03-09T10:58:34","modified_gmt":"2017-03-09T10:58:34","slug":"pablo-verdecchia-uno-siempre-tuvo-la-conviccion-de-su-inocencia","status":"publish","type":"post","link":"https:\/\/armstrongyregion.com.ar\/diario\/pablo-verdecchia-uno-siempre-tuvo-la-conviccion-de-su-inocencia\/","title":{"rendered":"Pablo Verdecchia: \u201cUno siempre tuvo la convicci\u00f3n de su inocencia\u00bb."},"content":{"rendered":"<p><a href=\"http:\/\/armstrongyregion.com.ar\/diario\/wp-content\/uploads\/2016\/11\/DSC_0206.jpg\"><img loading=\"lazy\" decoding=\"async\" class=\"alignnone size-medium wp-image-10534\" src=\"http:\/\/armstrongyregion.com.ar\/diario\/wp-content\/uploads\/2016\/11\/DSC_0206-300x200.jpg\" alt=\"Dr. Pablo- Verdecchia-\" width=\"300\" height=\"200\" srcset=\"https:\/\/armstrongyregion.com.ar\/diario\/wp-content\/uploads\/2016\/11\/DSC_0206-300x200.jpg 300w, https:\/\/armstrongyregion.com.ar\/diario\/wp-content\/uploads\/2016\/11\/DSC_0206-1024x683.jpg 1024w\" sizes=\"auto, (max-width: 300px) 100vw, 300px\" \/><\/a>El actual intendente de Armstrong Pablo Verdecchia habl\u00f3 ante la nueva falta de m\u00e9rito a su favor dictada por la justicia. Tambi\u00e9n traz\u00f3 un somero repaso de su gesti\u00f3n y descart\u00f3 ir nuevamente por la reelecci\u00f3n.<\/p>\n<p>FUENTE: PERI\u00d3DICO EL INFORME DE LA CIUDAD (CA\u00d1ADA DE G\u00d3MEZ)<\/p>\n<p>Sabido es que luego de la feria judicial, y dentro del marco de la investigaci\u00f3n por supuestas facturas ap\u00f3crifas encontradas en la Municipalidad de Armstrong, el Juez de Instrucci\u00f3n Jes\u00fas Alberto Rizzardi dict\u00f3 por segunda vez una falta de m\u00e9rito a favor del actual intendente Pablo Verdecchia. Respecto de ello, en di\u00e1logo exclusivo con El Informe, as\u00ed se expres\u00f3 el Dr. Verdecchia.<\/p>\n<p>\u00bfCu\u00e1l fue su impresi\u00f3n inicial ante la nueva resoluci\u00f3n del Dr. Rizzardi?<br \/>\nP.V.: En primer lugar es algo que ven\u00edamos esperando ya hace bastante tiempo, obviamente uno siempre espera que se avance en toda la cuesti\u00f3n judicial para que se termine todo lo que corresponde. Entonces, por un lado uno tiene la sensaci\u00f3n de que se van acomodando las cosas poni\u00e9ndole algunos puntos a esta causa.<br \/>\nAparte siempre estuvo a disposici\u00f3n de la Justicia\u2026<br \/>\nP.V.: Si, porque creo que es lo primero que tenemos que hacer cada uno de los ciudadanos. Lo dijimos desde el primer momento. Hubo una sola hip\u00f3tesis de parte de la Fiscal\u00eda pero fue una hip\u00f3tesis equivocada que indicaba que funcionarios hab\u00edan cometido un acto de corrupci\u00f3n. Pero nosotros llegamos al municipio para eliminar la corrupci\u00f3n. Dicha acusaci\u00f3n era algo que nos golpeaba porque luchamos contra la corrupci\u00f3n y defendemos valores como la honestidad y la transparencia. Sent\u00edamos todo esto como una derrota pero de a poco se va aclarando todo.<br \/>\nEn los considerandos de la resoluci\u00f3n, el juez Rizzardi indica que el sistema contable del municipio no era el apropiado pero que no se hac\u00eda con un inter\u00e9s delictivo\u2026.<br \/>\nP.V.: No, tal cual. Fuimos modificando varias cuestiones para darle m\u00e1s seguridad al sistema y tener la tranquilidad que los fondos p\u00fablicos, que corresponden a todos los ciudadanos, se utilizan de la mejor manera y as\u00ed descartar que pueda existir alg\u00fan acto de corrupci\u00f3n. Por ello a\u00f1o tras a\u00f1o fuimos mejorando, por ah\u00ed en los comienzos hubo cuestiones que no eran las apropiadas para nosotros, pero siempre buscamos darle mayor transparencia.<br \/>\n\u00bfEn alg\u00fan momento pens\u00f3 que su versi\u00f3n no iba a ser cre\u00edda?<br \/>\nP.V.: Uno siempre tuvo la convicci\u00f3n de su inocencia y no ten\u00edamos por qu\u00e9 hacernos problemas. Obviamente que no es f\u00e1cil para personas que ni siquiera hemos tenido una infracci\u00f3n de tr\u00e1nsito, tener que afrontar una causa penal. Pero siempre tuvimos la firme convicci\u00f3n que nos da la inocencia propia.<br \/>\n\u00bfSigue pensando que fue una cuesti\u00f3n meramente pol\u00edtica?<br \/>\nP.V.: No s\u00e9 si fue meramente pol\u00edtica pero s\u00ed creo que se ha utilizado pol\u00edticamente en el desarrollo de toda la causa judicial. Es una causa que tuvo una repercusi\u00f3n pol\u00edtica fuerte, impulsada en muchos casos por sectores pol\u00edticos pero, la verdad, no creo que haya sido originalmente una causa pol\u00edtica.<br \/>\n\u00bfY en todo este tiempo c\u00f3mo se sinti\u00f3 ante la comunidad de Armstrong?<br \/>\nP.V.: La verdad que la relaci\u00f3n fue por dem\u00e1s tranquila porque, gracias a Dios, como lo dije en un primer momento somos una ciudad chica, donde nos conocemos todos y sabemos qui\u00e9n es qui\u00e9n dentro de la ciudad. La gente siempre crey\u00f3 en nuestra inocencia. De entrada no hemos tenido ning\u00fan tipo de conflicto sino todo lo contrario, hubo muestras de apoyo y de que sigui\u00e9ramos adelante. Todo eso nos puso muy bien.<br \/>\n\u00bfEn este segundo per\u00edodo que destaca como positivo de su gesti\u00f3n?<br \/>\nP.V.: Creo que a\u00f1o tras a\u00f1o vamos demostrando mayor transparencia, mayor seguridad, mayor austeridad en los actos de gobierno, lo cual ha provocado que pudi\u00e9ramos hacer una serie de obras p\u00fablicas importantes. Estamos empezando a ver los primeros resultados a nivel hidr\u00e1ulico. Uno de los ejemplos era que, por ejemplo llov\u00edan 50 mm y se inundaban varios sectores de la ciudad. Y d\u00edas pasados cayeron 180 mm y no hubo inconvenientes.<br \/>\n\u00bfY en el debe?<br \/>\nP.V.: Y en el debe ubicar\u00eda muchas cosas. Cuando se van cumpliendo etapas, van surgiendo una cantidad enorme de desaf\u00edos que siempre van quedando en una sociedad. A uno le gustar\u00eda una sociedad mucho m\u00e1s unida que la que tenemos. Gracias a Dios se ha hecho mucho, hemos avanzado mucho pero falta mucho por trabajar para pensar que la ciudad es una sola y no hay varias ciudades por decirlo de alguna manera. Como nos gusta a muchos decirlo: una sola ciudad, una sola gente, y eso es lo m\u00e1s importante que nos queda todav\u00eda en el deber. D\u00eda tras d\u00eda, seguramente seguiremos trabajando en eso.<br \/>\n\u00bfDe cara a las pr\u00f3ximas elecciones, est\u00e1 confirmado que ir\u00eda de nuevo como candidato a intendente?<br \/>\nP.V.: No, no est\u00e1 confirmado. Siempre fui la idea de tener una reelecci\u00f3n y despu\u00e9s dar paso a otra gente. Obviamente que en pol\u00edtica vamos a seguir trabajando pero lo m\u00e1s probable es que tengamos un recambio en la intendencia de Armstrong. Vamos a hacer lo que se debe, ni m\u00e1s ni menos que eso, d\u00e1ndole paso a la juventud. Porque no es solamente la proclamaci\u00f3n sino que hay que darles la oportunidad a dirigentes que vienen de abajo para que puedan seguir creciendo y haciendo las cosas con una mirada diferente. Luego veremos m\u00e1s adelante si volvemos o no volvemos pero creo que ser\u00eda bueno poder dar el paso al costado. Y a la comunidad de Armstrong le dir\u00eda, ante esta nueva resoluci\u00f3n judicial, que la misma fue la confirmaci\u00f3n de algo que ya todos sab\u00edamos. Vamos a seguir trabajando para que el \u00faltimo funcionario quede libre de esta causa y que se encuentre la verdad.<\/p>\n","protected":false},"excerpt":{"rendered":"<p>El actual intendente de Armstrong Pablo Verdecchia habl\u00f3 ante la nueva falta de m\u00e9rito a su favor dictada por la justicia. Tambi\u00e9n traz\u00f3 un somero repaso de su gesti\u00f3n y descart\u00f3 ir nuevamente por la reelecci\u00f3n. FUENTE: PERI\u00d3DICO EL INFORME DE LA CIUDAD (CA\u00d1ADA DE G\u00d3MEZ) Sabido es que luego de la feria judicial, y <a href=\"https:\/\/armstrongyregion.com.ar\/diario\/pablo-verdecchia-uno-siempre-tuvo-la-conviccion-de-su-inocencia\/\" title=\"Read more\" >&#8230;<\/a><\/p>\n","protected":false},"author":1,"featured_media":10534,"comment_status":"open","ping_status":"open","sticky":false,"template":"","format":"standard","meta":{"_jetpack_memberships_contains_paid_content":false,"footnotes":"","jetpack_publicize_message":"","jetpack_publicize_feature_enabled":true,"jetpack_social_post_already_shared":false,"jetpack_social_options":{"image_generator_settings":{"template":"highway","default_image_id":0,"enabled":false},"version":2}},"categories":[8,1,2,7,3],"tags":[20,5127,388,13],"class_list":["post-11975","post","type-post","status-publish","format-standard","has-post-thumbnail","hentry","category-deliberando","category-diario-armstrong","category-locales","category-politica","category-region","tag-armstrong","tag-pablo-verdecchia-uno-siempre-tuvo-la-conviccion-de-su-inocencia","tag-region-2","tag-y"],"jetpack_publicize_connections":[],"jetpack_featured_media_url":"https:\/\/armstrongyregion.com.ar\/diario\/wp-content\/uploads\/2016\/11\/DSC_0206.jpg","jetpack_shortlink":"https:\/\/wp.me\/p62QDO-379","jetpack_sharing_enabled":true,"amp_enabled":true,"_links":{"self":[{"href":"https:\/\/armstrongyregion.com.ar\/diario\/wp-json\/wp\/v2\/posts\/11975","targetHints":{"allow":["GET"]}}],"collection":[{"href":"https:\/\/armstrongyregion.com.ar\/diario\/wp-json\/wp\/v2\/posts"}],"about":[{"href":"https:\/\/armstrongyregion.com.ar\/diario\/wp-json\/wp\/v2\/types\/post"}],"author":[{"embeddable":true,"href":"https:\/\/armstrongyregion.com.ar\/diario\/wp-json\/wp\/v2\/users\/1"}],"replies":[{"embeddable":true,"href":"https:\/\/armstrongyregion.com.ar\/diario\/wp-json\/wp\/v2\/comments?post=11975"}],"version-history":[{"count":0,"href":"https:\/\/armstrongyregion.com.ar\/diario\/wp-json\/wp\/v2\/posts\/11975\/revisions"}],"wp:featuredmedia":[{"embeddable":true,"href":"https:\/\/armstrongyregion.com.ar\/diario\/wp-json\/wp\/v2\/media\/10534"}],"wp:attachment":[{"href":"https:\/\/armstrongyregion.com.ar\/diario\/wp-json\/wp\/v2\/media?parent=11975"}],"wp:term":[{"taxonomy":"category","embeddable":true,"href":"https:\/\/armstrongyregion.com.ar\/diario\/wp-json\/wp\/v2\/categories?post=11975"},{"taxonomy":"post_tag","embeddable":true,"href":"https:\/\/armstrongyregion.com.ar\/diario\/wp-json\/wp\/v2\/tags?post=11975"}],"curies":[{"name":"wp","href":"https:\/\/api.w.org\/{rel}","templated":true}]}}