{"id":11972,"date":"2017-03-09T10:49:24","date_gmt":"2017-03-09T10:49:24","guid":{"rendered":"https:\/\/armstrongyregion.com.ar\/diario\/?p=11972"},"modified":"2017-03-09T10:49:24","modified_gmt":"2017-03-09T10:49:24","slug":"municipales-van-al-paro-este-jueves-y-dos-dias-la-semana-proxima","status":"publish","type":"post","link":"https:\/\/armstrongyregion.com.ar\/diario\/municipales-van-al-paro-este-jueves-y-dos-dias-la-semana-proxima\/","title":{"rendered":"Municipales van al paro este jueves y dos d\u00edas la semana pr\u00f3xima."},"content":{"rendered":"<div class=\"entry-single-excerpt\"><a href=\"http:\/\/armstrongyregion.com.ar\/diario\/wp-content\/uploads\/2017\/03\/festram.jpg_1305449671.jpg\"><img loading=\"lazy\" decoding=\"async\" class=\"alignnone size-medium wp-image-11973\" src=\"http:\/\/armstrongyregion.com.ar\/diario\/wp-content\/uploads\/2017\/03\/festram.jpg_1305449671-300x169.jpg\" alt=\"festram.jpg_1305449671\" width=\"300\" height=\"169\" srcset=\"https:\/\/armstrongyregion.com.ar\/diario\/wp-content\/uploads\/2017\/03\/festram.jpg_1305449671-300x169.jpg 300w, https:\/\/armstrongyregion.com.ar\/diario\/wp-content\/uploads\/2017\/03\/festram.jpg_1305449671.jpg 847w\" sizes=\"auto, (max-width: 300px) 100vw, 300px\" \/><\/a>La Festram ratific\u00f3 la huelga en rechazo a la propuesta salarial del gobierno santafesino y en reclamo de una nueva convocatoria a paritarias.<\/div>\n<div class=\"entry-single-excerpt\">\n<p>Los trabajadores municipales de toda la provincia nucleados en la Festram realizar\u00e1n este jueves un paro de 24 horas en rechazo a la propuesta salarial del gobierno santafesino y en reclamo de una nueva convocatoria a paritarias. \u00a0El gremio advirti\u00f3 que si no hay novedades la semana pr\u00f3xima se realizar\u00e1 una nueva huelga, esta vez de 48 horas.<\/p>\n<p>\u201cAnte la falta de una nueva convocatoria a la mesa paritaria, Festram ratifica el plan de lucha definido por el plenario de secretarios generales el 2 de marzo y en donde se resolvi\u00f3 un paro por 24 horas para este jueves 9 de marzo y de 48 horas para el martes 14 y mi\u00e9rcoles 15\u201d, indic\u00f3 la federaci\u00f3n gremial en un comunicado.<\/p>\n<p>Adem\u00e1s, los trabajadores municipales se\u00f1alaron que \u201cla exigua propuesta del 19,5 por ciento pagadero en marzo y julio, como as\u00ed tambi\u00e9n la falta de reconocimiento a la p\u00e9rdida del poder adquisitivo del salario durante 2016 son dos elementos que motivan a sostener las medidas anunciadas\u201d.<\/p>\n<p>Rosario3.com<\/p>\n<\/div>\n<div class=\"entry-single-bar clearfix\"><\/div>\n","protected":false},"excerpt":{"rendered":"<p>La Festram ratific\u00f3 la huelga en rechazo a la propuesta salarial del gobierno santafesino y en reclamo de una nueva convocatoria a paritarias. Los trabajadores municipales de toda la provincia nucleados en la Festram realizar\u00e1n este jueves un paro de 24 horas en rechazo a la propuesta salarial del gobierno santafesino y en reclamo de <a href=\"https:\/\/armstrongyregion.com.ar\/diario\/municipales-van-al-paro-este-jueves-y-dos-dias-la-semana-proxima\/\" title=\"Read more\" >&#8230;<\/a><\/p>\n","protected":false},"author":1,"featured_media":11973,"comment_status":"open","ping_status":"open","sticky":false,"template":"","format":"standard","meta":{"_jetpack_memberships_contains_paid_content":false,"footnotes":"","jetpack_publicize_message":"","jetpack_publicize_feature_enabled":true,"jetpack_social_post_already_shared":false,"jetpack_social_options":{"image_generator_settings":{"template":"highway","default_image_id":0,"enabled":false},"version":2}},"categories":[1,2,7],"tags":[20,5126,388,13],"class_list":["post-11972","post","type-post","status-publish","format-standard","has-post-thumbnail","hentry","category-diario-armstrong","category-locales","category-politica","tag-armstrong","tag-municipales-van-al-paro-este-jueves-y-dos-dias-la-semana-proxima","tag-region-2","tag-y"],"jetpack_publicize_connections":[],"jetpack_featured_media_url":"https:\/\/armstrongyregion.com.ar\/diario\/wp-content\/uploads\/2017\/03\/festram.jpg_1305449671.jpg","jetpack_shortlink":"https:\/\/wp.me\/p62QDO-376","jetpack_sharing_enabled":true,"amp_enabled":true,"_links":{"self":[{"href":"https:\/\/armstrongyregion.com.ar\/diario\/wp-json\/wp\/v2\/posts\/11972","targetHints":{"allow":["GET"]}}],"collection":[{"href":"https:\/\/armstrongyregion.com.ar\/diario\/wp-json\/wp\/v2\/posts"}],"about":[{"href":"https:\/\/armstrongyregion.com.ar\/diario\/wp-json\/wp\/v2\/types\/post"}],"author":[{"embeddable":true,"href":"https:\/\/armstrongyregion.com.ar\/diario\/wp-json\/wp\/v2\/users\/1"}],"replies":[{"embeddable":true,"href":"https:\/\/armstrongyregion.com.ar\/diario\/wp-json\/wp\/v2\/comments?post=11972"}],"version-history":[{"count":0,"href":"https:\/\/armstrongyregion.com.ar\/diario\/wp-json\/wp\/v2\/posts\/11972\/revisions"}],"wp:featuredmedia":[{"embeddable":true,"href":"https:\/\/armstrongyregion.com.ar\/diario\/wp-json\/wp\/v2\/media\/11973"}],"wp:attachment":[{"href":"https:\/\/armstrongyregion.com.ar\/diario\/wp-json\/wp\/v2\/media?parent=11972"}],"wp:term":[{"taxonomy":"category","embeddable":true,"href":"https:\/\/armstrongyregion.com.ar\/diario\/wp-json\/wp\/v2\/categories?post=11972"},{"taxonomy":"post_tag","embeddable":true,"href":"https:\/\/armstrongyregion.com.ar\/diario\/wp-json\/wp\/v2\/tags?post=11972"}],"curies":[{"name":"wp","href":"https:\/\/api.w.org\/{rel}","templated":true}]}}