{"id":11969,"date":"2017-03-09T10:35:42","date_gmt":"2017-03-09T10:35:42","guid":{"rendered":"https:\/\/armstrongyregion.com.ar\/diario\/?p=11969"},"modified":"2017-03-09T10:35:42","modified_gmt":"2017-03-09T10:35:42","slug":"gramigna-vamos-a-cooperar-desde-el-concejo-para-que-armstrong-crezca-y-consolidarnos-como-alternativa-de-gobierno","status":"publish","type":"post","link":"https:\/\/armstrongyregion.com.ar\/diario\/gramigna-vamos-a-cooperar-desde-el-concejo-para-que-armstrong-crezca-y-consolidarnos-como-alternativa-de-gobierno\/","title":{"rendered":"Gramigna: \u00abVamos a cooperar desde el Concejo para que Armstrong crezca y consolidarnos como alternativa de gobierno\u00bb"},"content":{"rendered":"<div dir=\"auto\"><a href=\"http:\/\/armstrongyregion.com.ar\/diario\/wp-content\/uploads\/2017\/03\/Gramigna-concejal-.jpg\"><img loading=\"lazy\" decoding=\"async\" class=\"alignnone size-medium wp-image-11970\" src=\"http:\/\/armstrongyregion.com.ar\/diario\/wp-content\/uploads\/2017\/03\/Gramigna-concejal--300x235.jpg\" alt=\"Gramigna-concejal-\" width=\"300\" height=\"235\" srcset=\"https:\/\/armstrongyregion.com.ar\/diario\/wp-content\/uploads\/2017\/03\/Gramigna-concejal--300x235.jpg 300w, https:\/\/armstrongyregion.com.ar\/diario\/wp-content\/uploads\/2017\/03\/Gramigna-concejal-.jpg 720w\" sizes=\"auto, (max-width: 300px) 100vw, 300px\" \/><\/a>As\u00ed se refiri\u00f3 el Concejal Gramigna luego del discurso del Intendente Verdecchia dando inicio a las sesiones Ordinarias del Concejo , \u00abdurante el 2016 fuimos una oposici\u00f3n responsable que contribuy\u00f3 mucho a \u00e9ste gobierno municipal y as\u00ed va a ser tambi\u00e9n \u00e9ste a\u00f1o, sin importar que sea electoral porque con las necesidades de los vecinos no se juega\u00bb, manifest\u00f3 el Concejal.<\/div>\n<div dir=\"auto\">Luego expres\u00f3 \u00abHay cosas que este gobierno hizo muy bien como lo es el FAE y orden publico, pero a mi criterio fall\u00f3 much\u00edsimo en obra p\u00fablica, salud, residuos y seguridad\u00bb<\/div>\n<div dir=\"auto\">Al consultarlo sobre su candidatura a Intendente manifest\u00f3 \u00abEstamos construyendo una alternativa seria de gobierno y voy a liderar un equipo que va a competir con propuestas y no con descalificaciones\u00bb.<\/div>\n","protected":false},"excerpt":{"rendered":"<p>As\u00ed se refiri\u00f3 el Concejal Gramigna luego del discurso del Intendente Verdecchia dando inicio a las sesiones Ordinarias del Concejo , \u00abdurante el 2016 fuimos una oposici\u00f3n responsable que contribuy\u00f3 mucho a \u00e9ste gobierno municipal y as\u00ed va a ser tambi\u00e9n \u00e9ste a\u00f1o, sin importar que sea electoral porque con las necesidades de los vecinos <a href=\"https:\/\/armstrongyregion.com.ar\/diario\/gramigna-vamos-a-cooperar-desde-el-concejo-para-que-armstrong-crezca-y-consolidarnos-como-alternativa-de-gobierno\/\" title=\"Read more\" >&#8230;<\/a><\/p>\n","protected":false},"author":1,"featured_media":11970,"comment_status":"open","ping_status":"open","sticky":false,"template":"","format":"standard","meta":{"_jetpack_memberships_contains_paid_content":false,"footnotes":"","jetpack_publicize_message":"","jetpack_publicize_feature_enabled":true,"jetpack_social_post_already_shared":false,"jetpack_social_options":{"image_generator_settings":{"template":"highway","default_image_id":0,"enabled":false},"version":2}},"categories":[8,1,2,7],"tags":[5125],"class_list":["post-11969","post","type-post","status-publish","format-standard","has-post-thumbnail","hentry","category-deliberando","category-diario-armstrong","category-locales","category-politica","tag-gramigna-vamos-a-cooperar-desde-el-concejo-para-que-armstrong-crezca-y-consolidarnos-como-alternativa-de-gobierno"],"jetpack_publicize_connections":[],"jetpack_featured_media_url":"https:\/\/armstrongyregion.com.ar\/diario\/wp-content\/uploads\/2017\/03\/Gramigna-concejal-.jpg","jetpack_shortlink":"https:\/\/wp.me\/p62QDO-373","jetpack_sharing_enabled":true,"amp_enabled":true,"_links":{"self":[{"href":"https:\/\/armstrongyregion.com.ar\/diario\/wp-json\/wp\/v2\/posts\/11969","targetHints":{"allow":["GET"]}}],"collection":[{"href":"https:\/\/armstrongyregion.com.ar\/diario\/wp-json\/wp\/v2\/posts"}],"about":[{"href":"https:\/\/armstrongyregion.com.ar\/diario\/wp-json\/wp\/v2\/types\/post"}],"author":[{"embeddable":true,"href":"https:\/\/armstrongyregion.com.ar\/diario\/wp-json\/wp\/v2\/users\/1"}],"replies":[{"embeddable":true,"href":"https:\/\/armstrongyregion.com.ar\/diario\/wp-json\/wp\/v2\/comments?post=11969"}],"version-history":[{"count":0,"href":"https:\/\/armstrongyregion.com.ar\/diario\/wp-json\/wp\/v2\/posts\/11969\/revisions"}],"wp:featuredmedia":[{"embeddable":true,"href":"https:\/\/armstrongyregion.com.ar\/diario\/wp-json\/wp\/v2\/media\/11970"}],"wp:attachment":[{"href":"https:\/\/armstrongyregion.com.ar\/diario\/wp-json\/wp\/v2\/media?parent=11969"}],"wp:term":[{"taxonomy":"category","embeddable":true,"href":"https:\/\/armstrongyregion.com.ar\/diario\/wp-json\/wp\/v2\/categories?post=11969"},{"taxonomy":"post_tag","embeddable":true,"href":"https:\/\/armstrongyregion.com.ar\/diario\/wp-json\/wp\/v2\/tags?post=11969"}],"curies":[{"name":"wp","href":"https:\/\/api.w.org\/{rel}","templated":true}]}}