{"id":1195,"date":"2015-03-06T21:31:32","date_gmt":"2015-03-06T21:31:32","guid":{"rendered":"https:\/\/armstrongyregion.com.ar\/diario\/?p=1195"},"modified":"2015-03-06T21:31:32","modified_gmt":"2015-03-06T21:31:32","slug":"mujeres-memoria-en-el-mhm","status":"publish","type":"post","link":"https:\/\/armstrongyregion.com.ar\/diario\/mujeres-memoria-en-el-mhm\/","title":{"rendered":"\u201cMujeres. Memoria\u201d, en el MHM."},"content":{"rendered":"<p><a href=\"http:\/\/armstrongyregion.com.ar\/diario\/wp-content\/uploads\/2015\/03\/museo-021.jpg\"><img loading=\"lazy\" decoding=\"async\" class=\"alignnone size-medium wp-image-1196\" src=\"http:\/\/armstrongyregion.com.ar\/diario\/wp-content\/uploads\/2015\/03\/museo-021-300x200.jpg\" alt=\"museo 021\" width=\"300\" height=\"200\" srcset=\"https:\/\/armstrongyregion.com.ar\/diario\/wp-content\/uploads\/2015\/03\/museo-021-300x200.jpg 300w, https:\/\/armstrongyregion.com.ar\/diario\/wp-content\/uploads\/2015\/03\/museo-021.jpg 750w\" sizes=\"auto, (max-width: 300px) 100vw, 300px\" \/><\/a>El jueves 5 de marzo, comenz\u00f3 un nuevo ciclo, un nuevo a\u00f1o de trabajo en el Museo Hist\u00f3rico Municipal con la apertura de la muestra \u201cMujeres. Memoria\u201d, de la artista visual Mabel Temporelli, teniendo en cuenta la conmemoraci\u00f3n del D\u00eda Internacional de la Mujer y el D\u00eda de la Memoria.<\/p>\n<p>Se trata de una serie de la obra \u201cMujeres Calientes\u201d, con prendas intervenidas, contemplando distintas situaciones o sometimientos. Temporelli, a trav\u00e9s de cada trabajo, quiere contar su experiencia personal con la dictadura militar y hace un homenaje a todas las mujeres que desaparecieron durante ese per\u00edodo.<\/p>\n<p>En esta apertura se pudo disfrutar de canciones interpretadas por Evangelina Aguirre.<\/p>\n<p>La muestra estar\u00e1 a disposici\u00f3n del p\u00fablico de lunes a viernes de 8 a 12 hs., lunes y jueves de 14 a 17 hs. y los domingos y feriados de 16 a 19 hs., hasta el domingo 26 de abril, con entrada libre y gratuita.<\/p>\n","protected":false},"excerpt":{"rendered":"<p>El jueves 5 de marzo, comenz\u00f3 un nuevo ciclo, un nuevo a\u00f1o de trabajo en el Museo Hist\u00f3rico Municipal con la apertura de la muestra \u201cMujeres. Memoria\u201d, de la artista visual Mabel Temporelli, teniendo en cuenta la conmemoraci\u00f3n del D\u00eda Internacional de la Mujer y el D\u00eda de la Memoria. Se trata de una serie <a href=\"https:\/\/armstrongyregion.com.ar\/diario\/mujeres-memoria-en-el-mhm\/\" title=\"Read more\" >&#8230;<\/a><\/p>\n","protected":false},"author":2,"featured_media":1196,"comment_status":"open","ping_status":"open","sticky":false,"template":"","format":"standard","meta":{"_jetpack_memberships_contains_paid_content":false,"footnotes":"","jetpack_publicize_message":"","jetpack_publicize_feature_enabled":true,"jetpack_social_post_already_shared":false,"jetpack_social_options":{"image_generator_settings":{"template":"highway","default_image_id":0,"enabled":false},"version":2}},"categories":[1,2],"tags":[1057,16,15,1058,1036],"class_list":["post-1195","post","type-post","status-publish","format-standard","has-post-thumbnail","hentry","category-diario-armstrong","category-locales","tag-mujeres","tag-el","tag-en","tag-memoria","tag-mhm"],"jetpack_publicize_connections":[],"jetpack_featured_media_url":"https:\/\/armstrongyregion.com.ar\/diario\/wp-content\/uploads\/2015\/03\/museo-021.jpg","jetpack_shortlink":"https:\/\/wp.me\/p62QDO-jh","jetpack_sharing_enabled":true,"amp_enabled":true,"_links":{"self":[{"href":"https:\/\/armstrongyregion.com.ar\/diario\/wp-json\/wp\/v2\/posts\/1195","targetHints":{"allow":["GET"]}}],"collection":[{"href":"https:\/\/armstrongyregion.com.ar\/diario\/wp-json\/wp\/v2\/posts"}],"about":[{"href":"https:\/\/armstrongyregion.com.ar\/diario\/wp-json\/wp\/v2\/types\/post"}],"author":[{"embeddable":true,"href":"https:\/\/armstrongyregion.com.ar\/diario\/wp-json\/wp\/v2\/users\/2"}],"replies":[{"embeddable":true,"href":"https:\/\/armstrongyregion.com.ar\/diario\/wp-json\/wp\/v2\/comments?post=1195"}],"version-history":[{"count":0,"href":"https:\/\/armstrongyregion.com.ar\/diario\/wp-json\/wp\/v2\/posts\/1195\/revisions"}],"wp:featuredmedia":[{"embeddable":true,"href":"https:\/\/armstrongyregion.com.ar\/diario\/wp-json\/wp\/v2\/media\/1196"}],"wp:attachment":[{"href":"https:\/\/armstrongyregion.com.ar\/diario\/wp-json\/wp\/v2\/media?parent=1195"}],"wp:term":[{"taxonomy":"category","embeddable":true,"href":"https:\/\/armstrongyregion.com.ar\/diario\/wp-json\/wp\/v2\/categories?post=1195"},{"taxonomy":"post_tag","embeddable":true,"href":"https:\/\/armstrongyregion.com.ar\/diario\/wp-json\/wp\/v2\/tags?post=1195"}],"curies":[{"name":"wp","href":"https:\/\/api.w.org\/{rel}","templated":true}]}}