{"id":1192,"date":"2015-03-06T21:25:08","date_gmt":"2015-03-06T21:25:08","guid":{"rendered":"https:\/\/armstrongyregion.com.ar\/diario\/?p=1192"},"modified":"2015-03-06T21:25:08","modified_gmt":"2015-03-06T21:25:08","slug":"miercoles-11-gran-colecta-en-el-salon-delmo-daro","status":"publish","type":"post","link":"https:\/\/armstrongyregion.com.ar\/diario\/miercoles-11-gran-colecta-en-el-salon-delmo-daro\/","title":{"rendered":"Mi\u00e9rcoles 11, gran colecta en el sal\u00f3n Delmo Dar\u00f3."},"content":{"rendered":"<p><a href=\"http:\/\/armstrongyregion.com.ar\/diario\/wp-content\/uploads\/2015\/03\/colectamarzo.jpg\"><img loading=\"lazy\" decoding=\"async\" class=\"alignnone size-medium wp-image-1193\" src=\"http:\/\/armstrongyregion.com.ar\/diario\/wp-content\/uploads\/2015\/03\/colectamarzo-300x208.jpg\" alt=\"colectamarzo\" width=\"300\" height=\"208\" srcset=\"https:\/\/armstrongyregion.com.ar\/diario\/wp-content\/uploads\/2015\/03\/colectamarzo-300x208.jpg 300w, https:\/\/armstrongyregion.com.ar\/diario\/wp-content\/uploads\/2015\/03\/colectamarzo-1024x710.jpg 1024w\" sizes=\"auto, (max-width: 300px) 100vw, 300px\" \/><\/a>El Departamento de la Juventud de la Municipalidad de Armstrong invita a toda la comunidad a sumarse a la colecta que se realizar\u00e1 el mi\u00e9rcoles 11 de marzo, de 8 a 20 hs. en el sal\u00f3n Delmo Dar\u00f3 y cuyas donaciones estar\u00e1n destinadas a poblaciones que sufrieron inundaciones por las lluvias ca\u00eddas en las \u00faltimas semanas.<\/p>\n<p>Es muy compleja la situaci\u00f3n en localidades como Idiaz\u00e1bal, Justiniano Posse, Gral. Baldissera, Leones, entre otras, y hacia all\u00ed se enviar\u00e1 todo aquello que nuestra comunidad quiera aportar.<\/p>\n<p>Esta organizaci\u00f3n contar\u00e1 con la colaboraci\u00f3n de las juventudes de los clubes Norte, Defensores y Barraca. Se recibir\u00e1 agua, ropa, alimentos. Todo ser\u00e1 bienvenido ya que hay poblaciones enteras que debieron ser evacuadas.<\/p>\n","protected":false},"excerpt":{"rendered":"<p>El Departamento de la Juventud de la Municipalidad de Armstrong invita a toda la comunidad a sumarse a la colecta que se realizar\u00e1 el mi\u00e9rcoles 11 de marzo, de 8 a 20 hs. en el sal\u00f3n Delmo Dar\u00f3 y cuyas donaciones estar\u00e1n destinadas a poblaciones que sufrieron inundaciones por las lluvias ca\u00eddas en las \u00faltimas <a href=\"https:\/\/armstrongyregion.com.ar\/diario\/miercoles-11-gran-colecta-en-el-salon-delmo-daro\/\" title=\"Read more\" >&#8230;<\/a><\/p>\n","protected":false},"author":2,"featured_media":1193,"comment_status":"open","ping_status":"open","sticky":false,"template":"","format":"standard","meta":{"_jetpack_memberships_contains_paid_content":false,"footnotes":"","jetpack_publicize_message":"","jetpack_publicize_feature_enabled":true,"jetpack_social_post_already_shared":false,"jetpack_social_options":{"image_generator_settings":{"template":"highway","default_image_id":0,"enabled":false},"version":2}},"categories":[1,2],"tags":[726,1053,1056,1055,16,15,405,777,1054],"class_list":["post-1192","post","type-post","status-publish","format-standard","has-post-thumbnail","hentry","category-diario-armstrong","category-locales","tag-726","tag-colecta","tag-daro","tag-delmo","tag-el","tag-en","tag-gran","tag-miercoles","tag-salon"],"jetpack_publicize_connections":[],"jetpack_featured_media_url":"https:\/\/armstrongyregion.com.ar\/diario\/wp-content\/uploads\/2015\/03\/colectamarzo.jpg","jetpack_shortlink":"https:\/\/wp.me\/p62QDO-je","jetpack_sharing_enabled":true,"amp_enabled":true,"_links":{"self":[{"href":"https:\/\/armstrongyregion.com.ar\/diario\/wp-json\/wp\/v2\/posts\/1192","targetHints":{"allow":["GET"]}}],"collection":[{"href":"https:\/\/armstrongyregion.com.ar\/diario\/wp-json\/wp\/v2\/posts"}],"about":[{"href":"https:\/\/armstrongyregion.com.ar\/diario\/wp-json\/wp\/v2\/types\/post"}],"author":[{"embeddable":true,"href":"https:\/\/armstrongyregion.com.ar\/diario\/wp-json\/wp\/v2\/users\/2"}],"replies":[{"embeddable":true,"href":"https:\/\/armstrongyregion.com.ar\/diario\/wp-json\/wp\/v2\/comments?post=1192"}],"version-history":[{"count":0,"href":"https:\/\/armstrongyregion.com.ar\/diario\/wp-json\/wp\/v2\/posts\/1192\/revisions"}],"wp:featuredmedia":[{"embeddable":true,"href":"https:\/\/armstrongyregion.com.ar\/diario\/wp-json\/wp\/v2\/media\/1193"}],"wp:attachment":[{"href":"https:\/\/armstrongyregion.com.ar\/diario\/wp-json\/wp\/v2\/media?parent=1192"}],"wp:term":[{"taxonomy":"category","embeddable":true,"href":"https:\/\/armstrongyregion.com.ar\/diario\/wp-json\/wp\/v2\/categories?post=1192"},{"taxonomy":"post_tag","embeddable":true,"href":"https:\/\/armstrongyregion.com.ar\/diario\/wp-json\/wp\/v2\/tags?post=1192"}],"curies":[{"name":"wp","href":"https:\/\/api.w.org\/{rel}","templated":true}]}}