{"id":11919,"date":"2017-03-06T12:46:51","date_gmt":"2017-03-06T12:46:51","guid":{"rendered":"https:\/\/armstrongyregion.com.ar\/diario\/?p=11919"},"modified":"2017-03-06T12:46:51","modified_gmt":"2017-03-06T12:46:51","slug":"santa-fe-sin-clases-solo-dos-distritos-arrancan-el-ciclo-lectivo","status":"publish","type":"post","link":"https:\/\/armstrongyregion.com.ar\/diario\/santa-fe-sin-clases-solo-dos-distritos-arrancan-el-ciclo-lectivo\/","title":{"rendered":"Santa Fe sin clases: s\u00f3lo dos distritos arrancan el ciclo lectivo."},"content":{"rendered":"<p><a href=\"http:\/\/armstrongyregion.com.ar\/diario\/wp-content\/uploads\/2017\/03\/paro_docente.jpg_1305449671.jpg\"><img loading=\"lazy\" decoding=\"async\" class=\"alignnone size-medium wp-image-11920\" src=\"http:\/\/armstrongyregion.com.ar\/diario\/wp-content\/uploads\/2017\/03\/paro_docente.jpg_1305449671-300x169.jpg\" alt=\"paro_docente.jpg_1305449671\" width=\"300\" height=\"169\" srcset=\"https:\/\/armstrongyregion.com.ar\/diario\/wp-content\/uploads\/2017\/03\/paro_docente.jpg_1305449671-300x169.jpg 300w, https:\/\/armstrongyregion.com.ar\/diario\/wp-content\/uploads\/2017\/03\/paro_docente.jpg_1305449671.jpg 847w\" sizes=\"auto, (max-width: 300px) 100vw, 300px\" \/><\/a>En la provincia se espera que el gobierno de Lifschitz\u00a0haga una nueva propuesta salarial para que el paro que esta\u00a0semana es de 72 horas no se repita la pr\u00f3xima. S\u00f3lo en San Luis y Santiago la actividad ser\u00e1 normal .<\/p>\n<p>S\u00f3lo dos provincias, San Luis y Santiago del Estero, inician las clases con normalidad este lunes, en medio de un conflicto docente por un reclamo salarial que realizar\u00e1n un paro a nivel nacional. En Santa Fe hay paro de 72 horas esta semana y se espera que la provincia haga una nueva oferta salarial para que no se cumpla otra medida de fuerza la que viene.<\/p>\n<p>Santiago del Estero y San Luis son los dos \u00fanicos distritos de todo el pa\u00eds en los que los docentes no se adhieren al paro de 48 horas\u00a0convocado por la Confederaci\u00f3n de Trabajadores de la Educaci\u00f3n de la Rep\u00fablica Argentina (Ctera).<\/p>\n<p>En Santiago, el gobierno y los gremios acordaron un aumento del 20 por ciento y el blanqueo de sumas en negro. En San Luis se pautaron subas para todos los estatales de entre el 38 y el 60,7 por ciento que se abonar\u00e1n entre marzo y septiembre, de acuerdo al salario que recibe cada trabajador.<\/p>\n<p>La oferta salarial en Santa Fe es de un 19,5 por ciento de incremento en dos tramos (10 por ciento en marzo y 9,5 por ciento en julio), adem\u00e1s de una cl\u00e1usula gatillo de actualizaci\u00f3n autom\u00e1tica si los \u00edndices inflacionarios del a\u00f1o superan ese porcentaje.<\/p>\n<p>La respuesta gremial fue\u00a0un plan de lucha que incluye el paro de 72 horas para esta semana, otro de 48 para la pr\u00f3xima y un tercero de 48 para la semana siguiente por parte de Amsaf\u00e9, mientras que los maestros privados de Sadop\u00a0resolvieron hasta ahora un paro de 72 horas para esta semana.<\/p>\n<p>&nbsp;<\/p>\n<p>Rosario3.com<\/p>\n","protected":false},"excerpt":{"rendered":"<p>En la provincia se espera que el gobierno de Lifschitz\u00a0haga una nueva propuesta salarial para que el paro que esta\u00a0semana es de 72 horas no se repita la pr\u00f3xima. S\u00f3lo en San Luis y Santiago la actividad ser\u00e1 normal . S\u00f3lo dos provincias, San Luis y Santiago del Estero, inician las clases con normalidad este <a href=\"https:\/\/armstrongyregion.com.ar\/diario\/santa-fe-sin-clases-solo-dos-distritos-arrancan-el-ciclo-lectivo\/\" title=\"Read more\" >&#8230;<\/a><\/p>\n","protected":false},"author":1,"featured_media":11920,"comment_status":"open","ping_status":"open","sticky":false,"template":"","format":"standard","meta":{"_jetpack_memberships_contains_paid_content":false,"footnotes":"","jetpack_publicize_message":"","jetpack_publicize_feature_enabled":true,"jetpack_social_post_already_shared":false,"jetpack_social_options":{"image_generator_settings":{"template":"highway","default_image_id":0,"enabled":false},"version":2}},"categories":[6,1,2,7,4],"tags":[20,388,5104,13],"class_list":["post-11919","post","type-post","status-publish","format-standard","has-post-thumbnail","hentry","category-cultura-entretenimiento","category-diario-armstrong","category-locales","category-politica","category-prevencion-salud","tag-armstrong","tag-region-2","tag-santa-fe-sin-clases-solo-dos-distritos-arrancan-el-ciclo-lectivo","tag-y"],"jetpack_publicize_connections":[],"jetpack_featured_media_url":"https:\/\/armstrongyregion.com.ar\/diario\/wp-content\/uploads\/2017\/03\/paro_docente.jpg_1305449671.jpg","jetpack_shortlink":"https:\/\/wp.me\/p62QDO-36f","jetpack_sharing_enabled":true,"amp_enabled":true,"_links":{"self":[{"href":"https:\/\/armstrongyregion.com.ar\/diario\/wp-json\/wp\/v2\/posts\/11919","targetHints":{"allow":["GET"]}}],"collection":[{"href":"https:\/\/armstrongyregion.com.ar\/diario\/wp-json\/wp\/v2\/posts"}],"about":[{"href":"https:\/\/armstrongyregion.com.ar\/diario\/wp-json\/wp\/v2\/types\/post"}],"author":[{"embeddable":true,"href":"https:\/\/armstrongyregion.com.ar\/diario\/wp-json\/wp\/v2\/users\/1"}],"replies":[{"embeddable":true,"href":"https:\/\/armstrongyregion.com.ar\/diario\/wp-json\/wp\/v2\/comments?post=11919"}],"version-history":[{"count":0,"href":"https:\/\/armstrongyregion.com.ar\/diario\/wp-json\/wp\/v2\/posts\/11919\/revisions"}],"wp:featuredmedia":[{"embeddable":true,"href":"https:\/\/armstrongyregion.com.ar\/diario\/wp-json\/wp\/v2\/media\/11920"}],"wp:attachment":[{"href":"https:\/\/armstrongyregion.com.ar\/diario\/wp-json\/wp\/v2\/media?parent=11919"}],"wp:term":[{"taxonomy":"category","embeddable":true,"href":"https:\/\/armstrongyregion.com.ar\/diario\/wp-json\/wp\/v2\/categories?post=11919"},{"taxonomy":"post_tag","embeddable":true,"href":"https:\/\/armstrongyregion.com.ar\/diario\/wp-json\/wp\/v2\/tags?post=11919"}],"curies":[{"name":"wp","href":"https:\/\/api.w.org\/{rel}","templated":true}]}}