{"id":11915,"date":"2017-03-06T12:33:18","date_gmt":"2017-03-06T12:33:18","guid":{"rendered":"https:\/\/armstrongyregion.com.ar\/diario\/?p=11915"},"modified":"2017-03-06T12:33:18","modified_gmt":"2017-03-06T12:33:18","slug":"montes-de-oca-charla-de-sergio-maravilla-martinez","status":"publish","type":"post","link":"https:\/\/armstrongyregion.com.ar\/diario\/montes-de-oca-charla-de-sergio-maravilla-martinez\/","title":{"rendered":"Montes de Oca: charla de Sergio \u00abMaravilla\u00bb Mart\u00ednez."},"content":{"rendered":"<p><a href=\"http:\/\/armstrongyregion.com.ar\/diario\/wp-content\/uploads\/2017\/03\/maravilla-.jpg\"><img loading=\"lazy\" decoding=\"async\" class=\"alignnone size-medium wp-image-11917\" src=\"http:\/\/armstrongyregion.com.ar\/diario\/wp-content\/uploads\/2017\/03\/maravilla--300x225.jpg\" alt=\"maravilla-Armstrong,y,Region,\" width=\"300\" height=\"225\" srcset=\"https:\/\/armstrongyregion.com.ar\/diario\/wp-content\/uploads\/2017\/03\/maravilla--300x225.jpg 300w, https:\/\/armstrongyregion.com.ar\/diario\/wp-content\/uploads\/2017\/03\/maravilla-.jpg 768w\" sizes=\"auto, (max-width: 300px) 100vw, 300px\" \/><\/a>El ex campe\u00f3n del mundo de boxeo se expres\u00f3 ante una nutrida concurrencia, en la tardecida del s\u00e1bado 4 de marzo.<\/p>\n<p>El encuentro se hizo en la sede del Atletic Club Montes De Oca, un importante n\u00famero de p\u00fablico, en su mayor\u00eda j\u00f3venes y ni\u00f1os. El deportista brind\u00f3\u00a0una charla motivacional, contando\u00a0experiencias relacionadas con el deporte y su historia personal, donde pudo darse tambi\u00e9n un ida y vuelta con los presentes.\u00a0Entre los asistentes se encontraba el\u00a0presidente comunal Leandro Dietschi y la Diputada Provincial Claudia Giaccone, quien es auspiciante del evento.<\/p>\n<p><img loading=\"lazy\" decoding=\"async\" class=\"img-responsive lazy\" title=\"3380d57a-b7fe-4b47-a8ef-267a9998e697\" src=\"http:\/\/lasrosasdigital.com.ar\/download\/multimedia.grande.bfedc810308671cf.33333830643537612d623766652d346234372d613865662d32363761393939385f6772616e64652e6a7067.jpg\" alt=\"3380d57a-b7fe-4b47-a8ef-267a9998e697 \" width=\"600\" height=\"313\" data-original=\"http:\/\/lasrosasdigital.com.ar\/download\/multimedia.grande.bfedc810308671cf.33333830643537612d623766652d346234372d613865662d32363761393939385f6772616e64652e6a7067.jpg\" \/><\/p>\n<p>Luego el ex campe\u00f3n recibi\u00f3 presentes, uno de ellos alusivo a Montes de Oca como sede de la Fiesta Provincial del Asador, y tambi\u00e9n la camiseta de la instituci\u00f3n deportiva. Cen\u00f3 en la sede del club,\u00a0compartiendo un grato momento con los presentes.<\/p>\n","protected":false},"excerpt":{"rendered":"<p>El ex campe\u00f3n del mundo de boxeo se expres\u00f3 ante una nutrida concurrencia, en la tardecida del s\u00e1bado 4 de marzo. El encuentro se hizo en la sede del Atletic Club Montes De Oca, un importante n\u00famero de p\u00fablico, en su mayor\u00eda j\u00f3venes y ni\u00f1os. El deportista brind\u00f3\u00a0una charla motivacional, contando\u00a0experiencias relacionadas con el deporte <a href=\"https:\/\/armstrongyregion.com.ar\/diario\/montes-de-oca-charla-de-sergio-maravilla-martinez\/\" title=\"Read more\" >&#8230;<\/a><\/p>\n","protected":false},"author":1,"featured_media":11917,"comment_status":"open","ping_status":"open","sticky":false,"template":"","format":"standard","meta":{"_jetpack_memberships_contains_paid_content":false,"footnotes":"","jetpack_publicize_message":"","jetpack_publicize_feature_enabled":true,"jetpack_social_post_already_shared":false,"jetpack_social_options":{"image_generator_settings":{"template":"highway","default_image_id":0,"enabled":false},"version":2}},"categories":[5,1,3],"tags":[20,5103,388,13],"class_list":["post-11915","post","type-post","status-publish","format-standard","has-post-thumbnail","hentry","category-deportes","category-diario-armstrong","category-region","tag-armstrong","tag-montes-de-oca-charla-de-sergio-maravilla-martinez","tag-region-2","tag-y"],"jetpack_publicize_connections":[],"jetpack_featured_media_url":"https:\/\/armstrongyregion.com.ar\/diario\/wp-content\/uploads\/2017\/03\/maravilla-.jpg","jetpack_shortlink":"https:\/\/wp.me\/p62QDO-36b","jetpack_sharing_enabled":true,"amp_enabled":true,"_links":{"self":[{"href":"https:\/\/armstrongyregion.com.ar\/diario\/wp-json\/wp\/v2\/posts\/11915","targetHints":{"allow":["GET"]}}],"collection":[{"href":"https:\/\/armstrongyregion.com.ar\/diario\/wp-json\/wp\/v2\/posts"}],"about":[{"href":"https:\/\/armstrongyregion.com.ar\/diario\/wp-json\/wp\/v2\/types\/post"}],"author":[{"embeddable":true,"href":"https:\/\/armstrongyregion.com.ar\/diario\/wp-json\/wp\/v2\/users\/1"}],"replies":[{"embeddable":true,"href":"https:\/\/armstrongyregion.com.ar\/diario\/wp-json\/wp\/v2\/comments?post=11915"}],"version-history":[{"count":0,"href":"https:\/\/armstrongyregion.com.ar\/diario\/wp-json\/wp\/v2\/posts\/11915\/revisions"}],"wp:featuredmedia":[{"embeddable":true,"href":"https:\/\/armstrongyregion.com.ar\/diario\/wp-json\/wp\/v2\/media\/11917"}],"wp:attachment":[{"href":"https:\/\/armstrongyregion.com.ar\/diario\/wp-json\/wp\/v2\/media?parent=11915"}],"wp:term":[{"taxonomy":"category","embeddable":true,"href":"https:\/\/armstrongyregion.com.ar\/diario\/wp-json\/wp\/v2\/categories?post=11915"},{"taxonomy":"post_tag","embeddable":true,"href":"https:\/\/armstrongyregion.com.ar\/diario\/wp-json\/wp\/v2\/tags?post=11915"}],"curies":[{"name":"wp","href":"https:\/\/api.w.org\/{rel}","templated":true}]}}